{"id":12385,"date":"2025-01-29T13:49:16","date_gmt":"2025-01-29T12:49:16","guid":{"rendered":"https:\/\/serbenidorm.daliisolutions.com\/index.php\/2025\/01\/29\/la-academia-de-tenis-ferrer-de-la-nucia-crece-con-dos-nuevas-pistas\/"},"modified":"2025-01-29T13:49:16","modified_gmt":"2025-01-29T12:49:16","slug":"la-academia-de-tenis-ferrer-de-la-nucia-crece-con-dos-nuevas-pistas","status":"publish","type":"post","link":"https:\/\/serbenidorm.daliisolutions.com\/index.php\/2025\/01\/29\/la-academia-de-tenis-ferrer-de-la-nucia-crece-con-dos-nuevas-pistas\/","title":{"rendered":"La Academia de Tenis Ferrer de La Nuc\u00eda crece con dos nuevas pistas"},"content":{"rendered":"  <p><div data-adtype=\"MLDB\"><\/div><\/p>   <p>Benidorm<\/p>   <p>La Academia de Tenis Ferrer de La Nuc\u00eda ha iniciado este mes de enero la construcci\u00f3n de dos nuevas pistas r\u00e1pidas, con una inversi\u00f3n privada de 140.582,40 euros. Las obras, que incluyen obra civil y urbanizaci\u00f3n del entorno, estar\u00e1n finalizadas a finales de abril, elevando el n\u00famero total de pistas del centro a 11.<\/p>   <p>Este complejo deportivo, promovido por el extenista David Ferrer, actual capit\u00e1n del equipo espa\u00f1ol de Copa Davis, se consolida as\u00ed como un referente nacional e internacional en la formaci\u00f3n de j\u00f3venes talentos del tenis.<\/p>   <p>Las nuevas pistas, de resina sint\u00e9tica \u201cLaykold\u201d \u2014la misma utilizada en torneos como el US Open y el M\u00e1ster de Miami\u2014, se sumar\u00e1n a las cinco de resina y seis de tierra batida ya existentes. Esta ampliaci\u00f3n es la tercera desde la apertura de la academia en julio de 2019, cuando contaba con solo tres pistas. El crecimiento constante del centro ha sido posible gracias a la colaboraci\u00f3n p\u00fablico-privada y al compromiso de ofrecer instalaciones de primer nivel.<\/p>   <p>Actualmente, la academia alberga a 127 alumnos de 16 pa\u00edses, incluyendo Rep\u00fablica Dominicana, Ruman\u00eda, Indonesia, M\u00e9xico, Espa\u00f1a, EE.UU., Canad\u00e1 y Argentina, entre otros. Estos estudiantes, tanto de alta competici\u00f3n como de formaci\u00f3n, se benefician de un entorno \u00fanico que incluye un futuro Hotel-Residencia para Deportistas y el colegio Vallemar, permiti\u00e9ndoles residir y estudiar cerca de las pistas.<\/p>   <p>El alcalde de La Nuc\u00eda, Bernab\u00e9 Cano, destac\u00f3 la importancia de seguir mejorando las instalaciones deportivas de la ciudad, subrayando que esta ampliaci\u00f3n refuerza la posici\u00f3n de La Nuc\u00eda como \u201cCiudad del Deporte\u201d. Con estas nuevas pistas, la Academia Ferrer sigue creciendo en servicios y prestigio, consolid\u00e1ndose como un centro de excelencia en el mundo del tenis.<\/p>   <p>     .c-w{         max-width:444px;         width:100%;         margin:32px auto;      background:#00755E;         border-radius:4px;         display:flex;         align-items:center;         justify-content:center;     }     .c-w a{         display:flex;         align-items:center;         justify-content:center;         padding:4px 24px;     }     .c-w img{         width:24px;         margin-right:12px;     }     .c-w p{         font:18px\/25px Poppins;         text-align:center;         color:#fff;         margin:0;     }     @media (max-width:444px){         .c-w a{             padding:4px 12px;         }         .c-w img{             width:24px;             margin-right:8px;         }         .c-w p{             font:14px\/25px Poppins;         }     }     @media (max-width:335px){         .c-w p{             font:13px\/25px Poppins;         }     }  <div class=\"c-w\">     <a href=\"https:\/\/www.whatsapp.com\/channel\/0029Va633PF9WtC4l7XUzh1e\" rel=\"nofollow\" target=\"_blank\">         <img decoding=\"async\" src=\"https:\/\/cadenaser.com\/estaticos\/recursosgraficos\/responsive\/img\/ico-whatsapp.svg\" alt=\"Whatsapp\">         <p>\u00danete al <b>canal de WhatsApp<\/b> de la SER<\/p>     <\/a> <\/div><\/p> ","protected":false},"excerpt":{"rendered":"<p>Se construyen con el mismo material que las del US Open o el M\u00e1ster de Miami<\/p>\n","protected":false},"author":0,"featured_media":12386,"comment_status":"open","ping_status":"open","sticky":false,"template":"","format":"standard","meta":{"_acf_changed":false,"footnotes":""},"categories":[16],"tags":[],"class_list":["post-12385","post","type-post","status-publish","format-standard","has-post-thumbnail","hentry","category-deportes"],"acf":{"ser_id":"TVRVK2J34NDT7FMRT7ROQ4SMXE","ser_url":"https:\/\/cadenaser.com\/comunitat-valenciana\/2025\/01\/29\/la-academia-de-tenis-ferrer-de-la-nucia-crece-con-dos-nuevas-pistas-radio-benidorm\/"},"_links":{"self":[{"href":"https:\/\/serbenidorm.daliisolutions.com\/index.php\/wp-json\/wp\/v2\/posts\/12385","targetHints":{"allow":["GET"]}}],"collection":[{"href":"https:\/\/serbenidorm.daliisolutions.com\/index.php\/wp-json\/wp\/v2\/posts"}],"about":[{"href":"https:\/\/serbenidorm.daliisolutions.com\/index.php\/wp-json\/wp\/v2\/types\/post"}],"replies":[{"embeddable":true,"href":"https:\/\/serbenidorm.daliisolutions.com\/index.php\/wp-json\/wp\/v2\/comments?post=12385"}],"version-history":[{"count":0,"href":"https:\/\/serbenidorm.daliisolutions.com\/index.php\/wp-json\/wp\/v2\/posts\/12385\/revisions"}],"wp:featuredmedia":[{"embeddable":true,"href":"https:\/\/serbenidorm.daliisolutions.com\/index.php\/wp-json\/wp\/v2\/media\/12386"}],"wp:attachment":[{"href":"https:\/\/serbenidorm.daliisolutions.com\/index.php\/wp-json\/wp\/v2\/media?parent=12385"}],"wp:term":[{"taxonomy":"category","embeddable":true,"href":"https:\/\/serbenidorm.daliisolutions.com\/index.php\/wp-json\/wp\/v2\/categories?post=12385"},{"taxonomy":"post_tag","embeddable":true,"href":"https:\/\/serbenidorm.daliisolutions.com\/index.php\/wp-json\/wp\/v2\/tags?post=12385"}],"curies":[{"name":"wp","href":"https:\/\/api.w.org\/{rel}","templated":true}]}}