{"id":12388,"date":"2025-01-29T15:45:31","date_gmt":"2025-01-29T14:45:31","guid":{"rendered":"https:\/\/serbenidorm.daliisolutions.com\/index.php\/2025\/01\/29\/la-policia-hace-varios-registros-en-benidorm-y-la-nucia-y-confisca-330-kilos-de-cocaina\/"},"modified":"2025-01-29T15:45:31","modified_gmt":"2025-01-29T14:45:31","slug":"la-policia-hace-varios-registros-en-benidorm-y-la-nucia-y-confisca-330-kilos-de-cocaina","status":"publish","type":"post","link":"https:\/\/serbenidorm.daliisolutions.com\/index.php\/2025\/01\/29\/la-policia-hace-varios-registros-en-benidorm-y-la-nucia-y-confisca-330-kilos-de-cocaina\/","title":{"rendered":"La Polic\u00eda hace varios registros en Benidorm y La Nuc\u00eda y confisca 330 kilos de coca\u00edna"},"content":{"rendered":"  <p><div data-adtype=\"MLDB\"><\/div><\/p>   <p>Benidorm<\/p>   <p>La Polic\u00eda Nacional y el Servicio de Vigilancia Aduanera de la Agencia Tributaria han llevado a cabo una investigaci\u00f3n conjunta que ha dado como resultado la desarticulaci\u00f3n de una organizaci\u00f3n criminal que importaba grandes cantidades de coca\u00edna desde Sudam\u00e9rica. <\/p>   <p>Hasta el momento han sido detenidas nueve personas y se ha llevado a cabo la intervenci\u00f3n de 299 paquetes de coca\u00edna con un peso de 334 kilogramos que se encontraban ocultos en el interior de piezas de maquinaria retroexcavadora.<\/p>  <p><p>M\u00e1s informaci\u00f3n<\/p><figure><img loading=\"lazy\" decoding=\"async\" src=\"https:\/\/cadenaser.com\/resizer\/v2\/GXU7X5RCFFCXJIWSSLGTHZ7A3A.jpg?auth=46f2defe52c1f68013993c6ff94f46520614d688309c1f509cafb9eb938d9800&amp;quality=70&amp;width=360&amp;height=202&amp;smart=true\" width=\"820\" height=\"621\" \/><\/figure><ul><li><a href=\"https:\/\/cadenaser.com\/comunitat-valenciana\/2025\/01\/28\/la-guardia-civil-interviene-en-el-puerto-de-altea-mas-de-90-kilos-de-pescado-inmaduro-radio-benidorm\/\"><span>La Guardia Civil interviene en el puerto de Altea m\u00e1s de 90 kilos de pescado inmaduro<\/span><\/a><\/li><\/ul><\/p>   <p>La investigaci\u00f3n fue iniciada en el mes de mayo del pasado a\u00f1o, tras la desarticulaci\u00f3n de un grupo criminal que se dedicaba a la sustracci\u00f3n de auto caravanas con el fin de ser reintroducidas en el mercado l\u00edcito de nuevo mediante la falsificaci\u00f3n de sus elementos de identificaci\u00f3n.<\/p>   <p>Tras la detenci\u00f3n de los investigados, se localizaron una serie de anotaciones que permitieron a los agentes realizar gestiones con las que localizaron un env\u00edo desde Colombia que levant\u00f3 las sospechas de los agentes.<\/p>   <p>A trav\u00e9s de los canales de cooperaci\u00f3n internacional, se localiz\u00f3 dicho env\u00edo en Colombia y se incautaron un total de 13 kilos de coca\u00edna ocultos en el interior de una transmisi\u00f3n de maquinaria industrial, cuyo destino final era Espa\u00f1a.<\/p>   <p>     .c-w{         max-width:444px;         width:100%;         margin:32px auto;      background:#00755E;         border-radius:4px;         display:flex;         align-items:center;         justify-content:center;     }     .c-w a{         display:flex;         align-items:center;         justify-content:center;         padding:4px 24px;     }     .c-w img{         width:24px;         margin-right:12px;     }     .c-w p{         font:18px\/25px Poppins;         text-align:center;         color:#fff;         margin:0;     }     @media (max-width:444px){         .c-w a{             padding:4px 12px;         }         .c-w img{             width:24px;             margin-right:8px;         }         .c-w p{             font:14px\/25px Poppins;         }     }     @media (max-width:335px){         .c-w p{             font:13px\/25px Poppins;         }     }  <div class=\"c-w\">     <a href=\"https:\/\/www.whatsapp.com\/channel\/0029Va633PF9WtC4l7XUzh1e\" rel=\"nofollow\" target=\"_blank\">         <img decoding=\"async\" src=\"https:\/\/cadenaser.com\/estaticos\/recursosgraficos\/responsive\/img\/ico-whatsapp.svg\" alt=\"Whatsapp\">         <p>\u00danete al <b>canal de WhatsApp<\/b> de la SER<\/p>     <\/a> <\/div><\/p>   <p>En el mes de diciembre, se tuvo conocimiento de la entrada en el puerto de Valencia de dos contenedores procedentes de Costa Rica relacionados directamente con la organizaci\u00f3n investigada, y que gracias a la gestiones del servicio de Vigilancia Aduanera de Valencia se consiguieron identificar.<\/p>   <p>Registros en Benidorm y La Nuc\u00eda<\/p>   <p>La Polic\u00eda ha detallado en un comunicado el desarrollo de un total de <a href=\"https:\/\/cadenaser.com\/tag\/comarca_la_marina_baixa\/a\/\" target=\"_blank\">seis entradas y registros en las localidades valencianas de El Puig de Santa Mar\u00eda y Benetusser y en los municipios de La Nuc\u00eda y Benidorm<\/a>, llev\u00e1ndose a cabo la detenci\u00f3n de un total de nueve personas por delitos de tr\u00e1fico de drogas y pertenencia a organizaci\u00f3n criminal.<\/p>   <p>Fruto de las entradas y registros se han incautado tres kilogramos de metanfetaminas, interviniendo 25.000 euros en efectivo, nueve coches y documentaci\u00f3n falsa que los investigados utilizaban para realizar sus operaciones.<\/p>   <p>En relaci\u00f3n a ello, uno de los investigados utilizaba documentaci\u00f3n falsa portuguesa con la que desde 2019, hab\u00eda desarrollado pr\u00e1cticamente una nueva vida, const\u00e1ndole un ingreso en prisi\u00f3n dictado por la Audiencia Nacional por tr\u00e1fico de drogas.<\/p> ","protected":false},"excerpt":{"rendered":"<p>Hay nueve detenidos y un juzgado de la capital tur\u00edstica ha decretado el ingreso en prisi\u00f3n de ocho de ellos<\/p>\n","protected":false},"author":0,"featured_media":12389,"comment_status":"open","ping_status":"open","sticky":false,"template":"","format":"standard","meta":{"_acf_changed":false,"footnotes":""},"categories":[1],"tags":[],"class_list":["post-12388","post","type-post","status-publish","format-standard","has-post-thumbnail","hentry","category-sin-categoria"],"acf":{"ser_id":"OYTOI6SB4NFLLE7STJV2GFVABU","ser_url":"https:\/\/cadenaser.com\/comunitat-valenciana\/2025\/01\/29\/la-policia-hace-varios-registros-en-benidorm-y-la-nucia-y-confisca-330-kilos-de-cocaina-radio-benidorm\/"},"_links":{"self":[{"href":"https:\/\/serbenidorm.daliisolutions.com\/index.php\/wp-json\/wp\/v2\/posts\/12388","targetHints":{"allow":["GET"]}}],"collection":[{"href":"https:\/\/serbenidorm.daliisolutions.com\/index.php\/wp-json\/wp\/v2\/posts"}],"about":[{"href":"https:\/\/serbenidorm.daliisolutions.com\/index.php\/wp-json\/wp\/v2\/types\/post"}],"replies":[{"embeddable":true,"href":"https:\/\/serbenidorm.daliisolutions.com\/index.php\/wp-json\/wp\/v2\/comments?post=12388"}],"version-history":[{"count":0,"href":"https:\/\/serbenidorm.daliisolutions.com\/index.php\/wp-json\/wp\/v2\/posts\/12388\/revisions"}],"wp:featuredmedia":[{"embeddable":true,"href":"https:\/\/serbenidorm.daliisolutions.com\/index.php\/wp-json\/wp\/v2\/media\/12389"}],"wp:attachment":[{"href":"https:\/\/serbenidorm.daliisolutions.com\/index.php\/wp-json\/wp\/v2\/media?parent=12388"}],"wp:term":[{"taxonomy":"category","embeddable":true,"href":"https:\/\/serbenidorm.daliisolutions.com\/index.php\/wp-json\/wp\/v2\/categories?post=12388"},{"taxonomy":"post_tag","embeddable":true,"href":"https:\/\/serbenidorm.daliisolutions.com\/index.php\/wp-json\/wp\/v2\/tags?post=12388"}],"curies":[{"name":"wp","href":"https:\/\/api.w.org\/{rel}","templated":true}]}}