{"id":12390,"date":"2025-01-29T15:45:32","date_gmt":"2025-01-29T14:45:32","guid":{"rendered":"https:\/\/serbenidorm.daliisolutions.com\/index.php\/2025\/01\/29\/nos-vemos-tirados-y-sin-seguro-los-taxistas-de-benidorm-se-unen-a-la-huelga-nacional\/"},"modified":"2025-01-29T15:45:32","modified_gmt":"2025-01-29T14:45:32","slug":"nos-vemos-tirados-y-sin-seguro-los-taxistas-de-benidorm-se-unen-a-la-huelga-nacional","status":"publish","type":"post","link":"https:\/\/serbenidorm.daliisolutions.com\/index.php\/2025\/01\/29\/nos-vemos-tirados-y-sin-seguro-los-taxistas-de-benidorm-se-unen-a-la-huelga-nacional\/","title":{"rendered":"\u00abNos vemos tirados y sin seguro\u00bb: los taxistas de Benidorm se unen a la huelga nacional"},"content":{"rendered":"  <p><div data-adtype=\"MLDB\"><\/div><\/p>   <p>Benidorm<\/p>   <p>El encarecimiento de los seguros obligatorios para los taxistas les ha llevado a parar, con servicios m\u00ednimos para urgencias, durante tres horas de la ma\u00f1ana de este mi\u00e9rcoles. Una huelga nacional a la que se han sumado desde la Asociaci\u00f3n de Taxistas Aut\u00f3nomos de l\u2019Alf\u00e0s del Pi o desde Radio Taxi Benidorm, cuyos miembros se han concentrado en la estaci\u00f3n de autobuses.<\/p>   <p>Su presidente, Alfredo Fern\u00e1ndez, ha comentado en <a href=\"https:\/\/cadenaser.com\/tag\/comarca_la_marina_baixa\/a\/\" target=\"_blank\">Radio Benidorm<\/a> lo insostenible de la situaci\u00f3n: \u00abA la hora de cambiar el veh\u00edculo o renovar la p\u00f3liza nos suben de 1.000 a 4.000 o 5.000 euros\u00bb. \u00abEntonces vas a otra compa\u00f1\u00eda y tampoco te hacen la poliza, nos vemos tirados y sin seguro, que tenemos que llevar obligatoriamente\u00bb, ha explicado.<\/p>  <p><figure><img loading=\"lazy\" decoding=\"async\" src=\"https:\/\/cadenaser.com\/resizer\/v2\/BVII3SV5EZDJ5LCZPDHC5TAZAQ.jpeg?auth=8f820bf8fef9a915caba919237cc056398bac7498ee0341c6be8ea41f825c27a&amp;quality=70&amp;width=360&amp;height=202&amp;smart=true\" alt=\"La Polic\u00eda hace varios registros en Benidorm y La Nuc\u00eda y confisca 330 kilos de coca\u00edna\" width=\"240\" height=\"135\" \/><\/figure><div><a href=\"https:\/\/cadenaser.com\/comunitat-valenciana\/2025\/01\/29\/la-policia-hace-varios-registros-en-benidorm-y-la-nucia-y-confisca-330-kilos-de-cocaina-radio-benidorm\/\">La Polic\u00eda hace varios registros en Benidorm y La Nuc\u00eda y confisca 330 kilos de coca\u00edna<\/a><p><\/p><\/div><\/p>   <p>Los paros contra las practicas abusivas de las aseguradoras se ha desarrollado en la Marina Baixa sin incidencias destacables y el servicio ha vuelto a la normalidad a las dos de la tarde.<\/p>   <p><a href=\"https:\/\/cadenaser.com\/tag\/benidorm\/a\/\" target=\"_blank\">Una huelga que ha coincidido con la semana del Benidorm Fest<\/a>, aunque Fern\u00e1ndez ha se\u00f1alado que el aumento m\u00e1s importante de la demanda de sus servicios se espera a partir del viernes.<\/p>   <p>La otra motivaci\u00f3n de la convocatoria nacional era la competencia desleal de los VTC aunque Fern\u00e1ndez ha descartado que esa problem\u00e1tica exista en nuestra ciudad y ha agradecido la labor de la Polic\u00eda Local para controlar a los veh\u00edculos de transporte de pasajeros que ejercen fuera de la ley.<\/p>   <p>     .c-w{         max-width:444px;         width:100%;         margin:32px auto;      background:#00755E;         border-radius:4px;         display:flex;         align-items:center;         justify-content:center;     }     .c-w a{         display:flex;         align-items:center;         justify-content:center;         padding:4px 24px;     }     .c-w img{         width:24px;         margin-right:12px;     }     .c-w p{         font:18px\/25px Poppins;         text-align:center;         color:#fff;         margin:0;     }     @media (max-width:444px){         .c-w a{             padding:4px 12px;         }         .c-w img{             width:24px;             margin-right:8px;         }         .c-w p{             font:14px\/25px Poppins;         }     }     @media (max-width:335px){         .c-w p{             font:13px\/25px Poppins;         }     }  <div class=\"c-w\">     <a href=\"https:\/\/www.whatsapp.com\/channel\/0029Va633PF9WtC4l7XUzh1e\" rel=\"nofollow\" target=\"_blank\">         <img decoding=\"async\" src=\"https:\/\/cadenaser.com\/estaticos\/recursosgraficos\/responsive\/img\/ico-whatsapp.svg\" alt=\"Whatsapp\">         <p>\u00danete al <b>canal de WhatsApp<\/b> de la SER<\/p>     <\/a> <\/div><\/p> ","protected":false},"excerpt":{"rendered":"<p>Tambi\u00e9n la Asociaci\u00f3n de Taxistas Aut\u00f3nomos de l\u2019Alf\u00e0s del Pi <\/p>\n","protected":false},"author":0,"featured_media":12391,"comment_status":"open","ping_status":"open","sticky":false,"template":"","format":"standard","meta":{"_acf_changed":false,"footnotes":""},"categories":[1],"tags":[],"class_list":["post-12390","post","type-post","status-publish","format-standard","has-post-thumbnail","hentry","category-sin-categoria"],"acf":{"ser_id":"CCCO6P7IKRALVPOXEPOD5RQR64","ser_url":"https:\/\/cadenaser.com\/comunitat-valenciana\/2025\/01\/29\/nos-vemos-tirados-y-sin-seguro-los-taxistas-de-benidorm-se-unen-a-la-huelga-nacional-radio-benidorm\/"},"_links":{"self":[{"href":"https:\/\/serbenidorm.daliisolutions.com\/index.php\/wp-json\/wp\/v2\/posts\/12390","targetHints":{"allow":["GET"]}}],"collection":[{"href":"https:\/\/serbenidorm.daliisolutions.com\/index.php\/wp-json\/wp\/v2\/posts"}],"about":[{"href":"https:\/\/serbenidorm.daliisolutions.com\/index.php\/wp-json\/wp\/v2\/types\/post"}],"replies":[{"embeddable":true,"href":"https:\/\/serbenidorm.daliisolutions.com\/index.php\/wp-json\/wp\/v2\/comments?post=12390"}],"version-history":[{"count":0,"href":"https:\/\/serbenidorm.daliisolutions.com\/index.php\/wp-json\/wp\/v2\/posts\/12390\/revisions"}],"wp:featuredmedia":[{"embeddable":true,"href":"https:\/\/serbenidorm.daliisolutions.com\/index.php\/wp-json\/wp\/v2\/media\/12391"}],"wp:attachment":[{"href":"https:\/\/serbenidorm.daliisolutions.com\/index.php\/wp-json\/wp\/v2\/media?parent=12390"}],"wp:term":[{"taxonomy":"category","embeddable":true,"href":"https:\/\/serbenidorm.daliisolutions.com\/index.php\/wp-json\/wp\/v2\/categories?post=12390"},{"taxonomy":"post_tag","embeddable":true,"href":"https:\/\/serbenidorm.daliisolutions.com\/index.php\/wp-json\/wp\/v2\/tags?post=12390"}],"curies":[{"name":"wp","href":"https:\/\/api.w.org\/{rel}","templated":true}]}}