{"id":12392,"date":"2025-01-29T15:45:33","date_gmt":"2025-01-29T14:45:33","guid":{"rendered":"https:\/\/serbenidorm.daliisolutions.com\/index.php\/2025\/01\/29\/el-maestro-joao-predice-el-resultado-del-benidorm-fest\/"},"modified":"2025-01-29T15:45:33","modified_gmt":"2025-01-29T14:45:33","slug":"el-maestro-joao-predice-el-resultado-del-benidorm-fest","status":"publish","type":"post","link":"https:\/\/serbenidorm.daliisolutions.com\/index.php\/2025\/01\/29\/el-maestro-joao-predice-el-resultado-del-benidorm-fest\/","title":{"rendered":"El Maestro Joao predice el resultado del Benidorm Fest"},"content":{"rendered":"  <p><div data-adtype=\"MLDB\"><\/div><\/p>   <p>Benidorm<\/p>   <p>La Chispa o Daniela Blasco son dos de las grandes favoritas para hacerse con el Micr\u00f3fono de bronce y representar a Espa\u00f1a en Eurovisi\u00f3n el pr\u00f3ximo mes de mayo despu\u00e9s de lo ocurrido este martes en la primera semifinal del Benidorm Fest, <a href=\"https:\/\/cadenaser.com\/comunitat-valenciana\/2025\/01\/28\/resultado-de-la-primera-semifinal-del-benidorm-fest-2025-daniela-blasco-lachispa-lucas-bun-y-kuve-se-convierten-en-finalistas-radio-benidorm\/\" target=\"_blank\">una gala que fue l\u00edder de audiencia con hasta 3,7 millones de espectadores<\/a>.<\/p>   <p>Con Chica sobresalto, David Afonso, K!ngdom y Sonia y Selena ya fuera de concurso, el mi\u00e9rcoles es &#8216;d\u00eda de descanso&#8217; antes de que este jueves se celebre la segunda semifinal y se complete la terna de ocho finalistas para la gala del s\u00e1bado.<\/p>   <p>Ser\u00e1 despu\u00e9s de esa segunda entrega cuando los favoritismos de cada cual comiencen a dar una imagen m\u00e1s clara de qui\u00e9n viajar\u00e1 a Basilea en mayo, pero Benita, la vidente popularmente conocida como Maestro Joao antes de su transici\u00f3n, ya ha se\u00f1alado no s\u00f3lo a la que ser\u00e1 la ganadora (s\u00ed, volver\u00e1 a ser una mujer), sino el podio completo de este cuarto Benidorm Fest.<\/p>   <p>Lo tiene claro<\/p>   <p>En una intervenci\u00f3n en el matinal <a href=\"https:\/\/www.instagram.com\/reel\/DFXKFwMAHFp\/?igsh=MXNqbXNybGRtZGNxZg%3D%3D\" rel=\"nofollow\" target=\"_blank\">&#8216;Anda ya&#8217; de Los40<\/a>, Benita ha predicho que la sucesora en el palmar\u00e9s del Benidorm Fest de Chanel, Blanca Paloma y Nebulossa no ser\u00e1 La Chispa, la gran favorita, sino otra &#8216;vieja&#8217; conocida del p\u00fablico que, en todo caso, todav\u00eda tiene que ganarse el paso a la final en la gala de este jueves.<\/p>  <p><p>M\u00e1s informaci\u00f3n<\/p><figure><img loading=\"lazy\" decoding=\"async\" src=\"https:\/\/cadenaser.com\/resizer\/v2\/4XK74HPTPBHDDJDAFVWRDQKMBA.jpeg?auth=ec9b72c9dbde77e30db3ed7bae3fab8b25a310a722b3da3fa96415bb13c83e8e&amp;quality=70&amp;width=360&amp;height=202&amp;smart=true\" width=\"820\" height=\"621\" \/><\/figure><ul><li><a href=\"https:\/\/cadenaser.com\/comunitat-valenciana\/2025\/01\/24\/guia-definitiva-para-vivir-el-benidorm-fest-2025-radio-benidorm\/\"><span>Gu\u00eda definitiva para vivir el Benidorm Fest 2025<\/span><\/a><\/li><\/ul><\/p>   <p>Tras la eliminaci\u00f3n de Sonia y Selena, que ya en 2001 y tras quedarse a las puertas del gran evento eurovisivo lo petaron con su &#8216;Yo quiero bailar&#8217;; Benita ha se\u00f1alado como ganadora a la otra gran triunfadora de ese mismo segundo a\u00f1o del nuevo milenio con el recordado &#8216;El baile del gorila&#8217;: Melody.<\/p>   <p>     .c-w{         max-width:444px;         width:100%;         margin:32px auto;      background:#00755E;         border-radius:4px;         display:flex;         align-items:center;         justify-content:center;     }     .c-w a{         display:flex;         align-items:center;         justify-content:center;         padding:4px 24px;     }     .c-w img{         width:24px;         margin-right:12px;     }     .c-w p{         font:18px\/25px Poppins;         text-align:center;         color:#fff;         margin:0;     }     @media (max-width:444px){         .c-w a{             padding:4px 12px;         }         .c-w img{             width:24px;             margin-right:8px;         }         .c-w p{             font:14px\/25px Poppins;         }     }     @media (max-width:335px){         .c-w p{             font:13px\/25px Poppins;         }     }  <div class=\"c-w\">     <a href=\"https:\/\/www.whatsapp.com\/channel\/0029Va633PF9WtC4l7XUzh1e\" rel=\"nofollow\" target=\"_blank\">         <img decoding=\"async\" src=\"https:\/\/cadenaser.com\/estaticos\/recursosgraficos\/responsive\/img\/ico-whatsapp.svg\" alt=\"Whatsapp\">         <p>\u00danete al <b>canal de WhatsApp<\/b> de la SER<\/p>     <\/a> <\/div><\/p>   <p>Seg\u00fan la famosa vidente, la cantante sevillana de 34 a\u00f1os (ten\u00eda apenas once cuando su baile inund\u00f3 pistas y verbenas en toda Espa\u00f1a) se har\u00e1 con el Micr\u00f3fono de bronce con &#8216;Esa diva&#8217;, un tema que, al menos si hacemos caso a las casas de apuestas, aparece como la segunda opci\u00f3n del p\u00fablico.<\/p>   <p>Tras el sorteo celebrado el pasado lunes, Melody cerrar\u00e1 la segunda gala, actuando en octava posici\u00f3n y, ya en la final, siempre seg\u00fan Benita, se har\u00e1 con el triunfo dejando el &#8216;Hartita de llorar&#8217; de La Chispa con la miel en los labios. Por su parte, KBello, con &#8216;VIP&#8217;, cerrar\u00e1 el Benidorm Fest con la tercera posici\u00f3n.<\/p> ","protected":false},"excerpt":{"rendered":"<p>La vidente, tambi\u00e9n conocida como Benita, ha hecho su apuesta en Los 40<\/p>\n","protected":false},"author":0,"featured_media":12393,"comment_status":"open","ping_status":"open","sticky":false,"template":"","format":"standard","meta":{"_acf_changed":false,"footnotes":""},"categories":[1],"tags":[],"class_list":["post-12392","post","type-post","status-publish","format-standard","has-post-thumbnail","hentry","category-sin-categoria"],"acf":{"ser_id":"4TJWQHXSYFAPBLP7LZZH675N4E","ser_url":"https:\/\/cadenaser.com\/comunitat-valenciana\/2025\/01\/29\/el-maestro-joao-predice-el-resultado-del-benidorm-fest-radio-benidorm\/"},"_links":{"self":[{"href":"https:\/\/serbenidorm.daliisolutions.com\/index.php\/wp-json\/wp\/v2\/posts\/12392","targetHints":{"allow":["GET"]}}],"collection":[{"href":"https:\/\/serbenidorm.daliisolutions.com\/index.php\/wp-json\/wp\/v2\/posts"}],"about":[{"href":"https:\/\/serbenidorm.daliisolutions.com\/index.php\/wp-json\/wp\/v2\/types\/post"}],"replies":[{"embeddable":true,"href":"https:\/\/serbenidorm.daliisolutions.com\/index.php\/wp-json\/wp\/v2\/comments?post=12392"}],"version-history":[{"count":0,"href":"https:\/\/serbenidorm.daliisolutions.com\/index.php\/wp-json\/wp\/v2\/posts\/12392\/revisions"}],"wp:featuredmedia":[{"embeddable":true,"href":"https:\/\/serbenidorm.daliisolutions.com\/index.php\/wp-json\/wp\/v2\/media\/12393"}],"wp:attachment":[{"href":"https:\/\/serbenidorm.daliisolutions.com\/index.php\/wp-json\/wp\/v2\/media?parent=12392"}],"wp:term":[{"taxonomy":"category","embeddable":true,"href":"https:\/\/serbenidorm.daliisolutions.com\/index.php\/wp-json\/wp\/v2\/categories?post=12392"},{"taxonomy":"post_tag","embeddable":true,"href":"https:\/\/serbenidorm.daliisolutions.com\/index.php\/wp-json\/wp\/v2\/tags?post=12392"}],"curies":[{"name":"wp","href":"https:\/\/api.w.org\/{rel}","templated":true}]}}