{"id":12403,"date":"2025-01-29T16:46:50","date_gmt":"2025-01-29T15:46:50","guid":{"rendered":"https:\/\/serbenidorm.daliisolutions.com\/index.php\/2025\/01\/29\/miguel-fuster-a-mis-53-anos-quiero-demostrarme-a-mi-mismo-que-puedo-estar-en-la-cima\/"},"modified":"2025-01-29T16:46:50","modified_gmt":"2025-01-29T15:46:50","slug":"miguel-fuster-a-mis-53-anos-quiero-demostrarme-a-mi-mismo-que-puedo-estar-en-la-cima","status":"publish","type":"post","link":"https:\/\/serbenidorm.daliisolutions.com\/index.php\/2025\/01\/29\/miguel-fuster-a-mis-53-anos-quiero-demostrarme-a-mi-mismo-que-puedo-estar-en-la-cima\/","title":{"rendered":"Miguel Fuster: \u00abA mis 53 a\u00f1os, quiero demostrarme a m\u00ed mismo que puedo estar en la cima\u00bb"},"content":{"rendered":"  <p><div data-adtype=\"MLDB\"><\/div><\/p>   <p>Benidorm<\/p>   <p>En una extensa entrevista concedida a SER Deportivos Marina Baixa, Miguel Fuster, piloto de rallys de Benidorm, comparti\u00f3 sus expectativas y desaf\u00edos para la temporada 2025 del Campeonato de Espa\u00f1a de Rallys de Asfalto (CERA). Fuster, un nombre legendario del motor espa\u00f1ol, ha ganado este campeonato en seis ocasiones y est\u00e1 decidido a sumar un s\u00e9ptimo t\u00edtulo a su impresionante palmar\u00e9s.<\/p>   <p>El piloto, quien se tom\u00f3 un tiempo fuera de las competiciones tras la pandemia de Covid-19, regres\u00f3 en 2023 con un enfoque renovado. El 2024 fue un a\u00f1o de adaptaci\u00f3n, con un accidente en Tenerife y algunos contratiempos mec\u00e1nicos que afectaron su rendimiento.<\/p>   <p>Sin embargo, Fuster se muestra optimista para 2025, con un contrato renovado con el equipo Recalvi y la oportunidad de competir con un coche Alpine, lo que le llena de motivaci\u00f3n.<\/p>   <p>El Alpine, una marca con la que Fuster tiene una conexi\u00f3n especial, ofrece una experiencia de conducci\u00f3n \u00fanica. \u00abVuelvo a la tracci\u00f3n trasera, que es el tipo de coche con el que gan\u00e9 tres campeonatos de Espa\u00f1a\u00bb, coment\u00f3. El Alpine se une a un equipo de primer nivel, lo que Fuster considera fundamental para tener una temporada exitosa.<\/p>   <p>A pesar de la nueva generaci\u00f3n de coches y la evoluci\u00f3n en la ingenier\u00eda de los rallys, Fuster est\u00e1 convencido de que su experiencia y habilidades como piloto siguen siendo esenciales. \u00abLos coches han cambiado mucho, pero las manos del piloto siguen siendo clave\u00bb, afirm\u00f3.<\/p>   <p>     .c-w{         max-width:444px;         width:100%;         margin:32px auto;      background:#00755E;         border-radius:4px;         display:flex;         align-items:center;         justify-content:center;     }     .c-w a{         display:flex;         align-items:center;         justify-content:center;         padding:4px 24px;     }     .c-w img{         width:24px;         margin-right:12px;     }     .c-w p{         font:18px\/25px Poppins;         text-align:center;         color:#fff;         margin:0;     }     @media (max-width:444px){         .c-w a{             padding:4px 12px;         }         .c-w img{             width:24px;             margin-right:8px;         }         .c-w p{             font:14px\/25px Poppins;         }     }     @media (max-width:335px){         .c-w p{             font:13px\/25px Poppins;         }     }  <div class=\"c-w\">     <a href=\"https:\/\/www.whatsapp.com\/channel\/0029Va633PF9WtC4l7XUzh1e\" rel=\"nofollow\" target=\"_blank\">         <img decoding=\"async\" src=\"https:\/\/cadenaser.com\/estaticos\/recursosgraficos\/responsive\/img\/ico-whatsapp.svg\" alt=\"Whatsapp\">         <p>\u00danete al <b>canal de WhatsApp<\/b> de la SER<\/p>     <\/a> <\/div><\/p>   <p>El regreso de Fuster al CERA no es solo un desaf\u00edo personal, sino tambi\u00e9n una oportunidad para demostrar que sigue en la \u00e9lite del motor a sus 53 a\u00f1os. \u00abNo tengo que demostrarle nada a nadie, pero s\u00ed a m\u00ed mismo\u00bb, explic\u00f3.<\/p>   <p>La ambici\u00f3n de Fuster es clara: \u00abQuiero ganar y estar luchando por el campeonato. Mi objetivo es estar en lo m\u00e1s alto\u00bb, destac\u00f3, motivado por la posibilidad de inspirar a otros con su regreso.<\/p>   <p>Aunque el calendario de 2025 a\u00fan est\u00e1 por definirse en algunos aspectos, Fuster ya tiene claro que estar\u00e1 en el Rally de la Nuc\u00eda, una cita clave en la regi\u00f3n y una de sus favoritas. \u00abNo me la pierdo\u00bb, asegur\u00f3, dejando claro que estar\u00e1 listo para competir al m\u00e1s alto nivel.<\/p> ","protected":false},"excerpt":{"rendered":"<p>El piloto de Benidorm desgrana en SER Deportivos Marina Baixa c\u00f3mo ser\u00e1 su ataque al s\u00e9ptimo CERA de su palmar\u00e9s<\/p>\n","protected":false},"author":0,"featured_media":12404,"comment_status":"open","ping_status":"open","sticky":false,"template":"","format":"standard","meta":{"_acf_changed":false,"footnotes":""},"categories":[16],"tags":[],"class_list":["post-12403","post","type-post","status-publish","format-standard","has-post-thumbnail","hentry","category-deportes"],"acf":{"ser_id":"JAWCTJQHOVFQ5OU5EUYEFJUZKY","ser_url":"https:\/\/cadenaser.com\/comunitat-valenciana\/2025\/01\/29\/miguel-fuster-a-mis-53-anos-quiero-demostrarme-a-mi-mismo-que-puedo-estar-en-la-cima-radio-benidorm\/"},"_links":{"self":[{"href":"https:\/\/serbenidorm.daliisolutions.com\/index.php\/wp-json\/wp\/v2\/posts\/12403","targetHints":{"allow":["GET"]}}],"collection":[{"href":"https:\/\/serbenidorm.daliisolutions.com\/index.php\/wp-json\/wp\/v2\/posts"}],"about":[{"href":"https:\/\/serbenidorm.daliisolutions.com\/index.php\/wp-json\/wp\/v2\/types\/post"}],"replies":[{"embeddable":true,"href":"https:\/\/serbenidorm.daliisolutions.com\/index.php\/wp-json\/wp\/v2\/comments?post=12403"}],"version-history":[{"count":0,"href":"https:\/\/serbenidorm.daliisolutions.com\/index.php\/wp-json\/wp\/v2\/posts\/12403\/revisions"}],"wp:featuredmedia":[{"embeddable":true,"href":"https:\/\/serbenidorm.daliisolutions.com\/index.php\/wp-json\/wp\/v2\/media\/12404"}],"wp:attachment":[{"href":"https:\/\/serbenidorm.daliisolutions.com\/index.php\/wp-json\/wp\/v2\/media?parent=12403"}],"wp:term":[{"taxonomy":"category","embeddable":true,"href":"https:\/\/serbenidorm.daliisolutions.com\/index.php\/wp-json\/wp\/v2\/categories?post=12403"},{"taxonomy":"post_tag","embeddable":true,"href":"https:\/\/serbenidorm.daliisolutions.com\/index.php\/wp-json\/wp\/v2\/tags?post=12403"}],"curies":[{"name":"wp","href":"https:\/\/api.w.org\/{rel}","templated":true}]}}