{"id":12424,"date":"2025-01-30T11:34:45","date_gmt":"2025-01-30T10:34:45","guid":{"rendered":"https:\/\/serbenidorm.daliisolutions.com\/index.php\/2025\/01\/30\/el-futuro-del-benidorm-fest-la-generalitat-mantiene-su-apuesta-por-el-certamen\/"},"modified":"2025-01-30T11:34:45","modified_gmt":"2025-01-30T10:34:45","slug":"el-futuro-del-benidorm-fest-la-generalitat-mantiene-su-apuesta-por-el-certamen","status":"publish","type":"post","link":"https:\/\/serbenidorm.daliisolutions.com\/index.php\/2025\/01\/30\/el-futuro-del-benidorm-fest-la-generalitat-mantiene-su-apuesta-por-el-certamen\/","title":{"rendered":"El futuro del Benidorm Fest: la Generalitat mantiene su apuesta por el certamen"},"content":{"rendered":"  <p><div data-adtype=\"MLDB\"><\/div><\/p>   <p>Benidorm<\/p>   <p>La continuidad del Benidorm Fest sigue sin estar confirmada de manera oficial. El acuerdo para 2026 no se ha firmado todav\u00eda pero el Ayuntamiento y Radio Televisi\u00f3n Espa\u00f1ola (RTVE) mostraban el pasado lunes, durante la rueda de prensa previa al inicio de la cuarta edici\u00f3n, su intenci\u00f3n de mantener la sede.<\/p>   <p>El alcalde, Toni P\u00e9rez, afirmaba que se \u00abapostar\u00e1 fuerte\u00bb por consolidar el festival y, aunque \u00abnunca hay nada seguro\u00bb y ha habido cambios en la c\u00fapula de RTVE, el  primer edil ve en los nuevos directivos el mismo inter\u00e9s por seguir en la ciudad \u00aby si no mayor\u00bb. <\/p>   <p>Faltaba as\u00ed por confirmar el compromiso de la Generalitat Valenciana, la tercera pata -principalmente econ\u00f3mica- del certamen y seg\u00fan han confirmado a <a href=\"https:\/\/cadenaser.com\/tag\/comarca_la_marina_baixa\/a\/\" target=\"_blank\">Radio Benidorm<\/a> fuentes de la Conselleria de Turisme<a href=\"https:\/\/cadenaser.com\/tag\/benidorm\/a\/\" target=\"_blank\"> \u201cla apuesta por el Benidorm Fest se mantiene\u201d<\/a>. <\/p>  <p><p>M\u00e1s informaci\u00f3n<\/p><figure><img loading=\"lazy\" decoding=\"async\" src=\"https:\/\/cadenaser.com\/resizer\/v2\/4XK74HPTPBHDDJDAFVWRDQKMBA.jpeg?auth=ec9b72c9dbde77e30db3ed7bae3fab8b25a310a722b3da3fa96415bb13c83e8e&amp;quality=70&amp;width=360&amp;height=202&amp;smart=true\" width=\"820\" height=\"621\" \/><\/figure><ul><li><a href=\"https:\/\/cadenaser.com\/comunitat-valenciana\/2025\/01\/24\/guia-definitiva-para-vivir-el-benidorm-fest-2025-radio-benidorm\/\"><span>Gu\u00eda definitiva para vivir el Benidorm Fest 2025<\/span><\/a><\/li><\/ul><\/p>   <p>Desde el departamento que dirige Marian Cano se niega de forma categ\u00f3rica que la aportaci\u00f3n auton\u00f3mica para el festival, para el que \u201ceste a\u00f1o acabamos de aportar mill\u00f3n y medio de euros\u201d, est\u00e9 en peligro para las pr\u00f3ximas ediciones.<\/p>   <p>De hecho, esas mismas fuentes han afirmado que \u201ccomo ya hemos demostrado hasta ahora, la apuesta se mantiene y no hemos contemplado nada diferente\u201d, por lo que parece que en el \u00e1nimo de todas las partes involucradas, es decir, RTVE (propietaria del formato), Ayuntamiento (anfitri\u00f3n del certamen) y Generalitat (impulsor en su momento de la idea) est\u00e1 mantener todo inalterado en el futuro pr\u00f3ximo.<\/p>   <p>     .c-w{         max-width:444px;         width:100%;         margin:32px auto;      background:#00755E;         border-radius:4px;         display:flex;         align-items:center;         justify-content:center;     }     .c-w a{         display:flex;         align-items:center;         justify-content:center;         padding:4px 24px;     }     .c-w img{         width:24px;         margin-right:12px;     }     .c-w p{         font:18px\/25px Poppins;         text-align:center;         color:#fff;         margin:0;     }     @media (max-width:444px){         .c-w a{             padding:4px 12px;         }         .c-w img{             width:24px;             margin-right:8px;         }         .c-w p{             font:14px\/25px Poppins;         }     }     @media (max-width:335px){         .c-w p{             font:13px\/25px Poppins;         }     }  <div class=\"c-w\">     <a href=\"https:\/\/www.whatsapp.com\/channel\/0029Va633PF9WtC4l7XUzh1e\" rel=\"nofollow\" target=\"_blank\">         <img decoding=\"async\" src=\"https:\/\/cadenaser.com\/estaticos\/recursosgraficos\/responsive\/img\/ico-whatsapp.svg\" alt=\"Whatsapp\">         <p>\u00danete al <b>canal de WhatsApp<\/b> de la SER<\/p>     <\/a> <\/div><\/p>   <p>Apuesta segura<\/p>   <p>La apuesta y el desembolso de dinero p\u00fablico s\u00f3lo se puede justificar en base al \u00e9xito de la iniciativa y, en ese sentido, el Benidorm Fest de 2025 ha demostrado que conserva el tir\u00f3n televisivo y, lo que es m\u00e1s importante para los intereses locales, un espaldarazo a los negocios tur\u00edsticos de la ciudad en plena temporada baja.<\/p>   <p>Una marca que va calando como proceso de selecci\u00f3n del representante de Espa\u00f1a en Eurovisi\u00f3n y que se calcula que consigue dejar en la capital tur\u00edstica m\u00e1s de dos millones y medio de euros durante la semana que duran ya no solo las galas si no todas las actividades paralelas, en forma de iniciativas gastron\u00f3micas, conciertos o exposiciones.<\/p> ","protected":false},"excerpt":{"rendered":"<p>El Ayuntamiento y RTVE ya hab\u00edan mostrado su intenci\u00f3n de reeditar el acuerdo y Turisme \u201cno contempla\u201d reducir su apoyo<\/p>\n","protected":false},"author":0,"featured_media":12425,"comment_status":"open","ping_status":"open","sticky":false,"template":"","format":"standard","meta":{"_acf_changed":false,"footnotes":""},"categories":[1],"tags":[],"class_list":["post-12424","post","type-post","status-publish","format-standard","has-post-thumbnail","hentry","category-sin-categoria"],"acf":{"ser_id":"RVLPEEDJTVDMVEWXOBLVM6PQ3E","ser_url":"https:\/\/cadenaser.com\/comunitat-valenciana\/2025\/01\/30\/el-futuro-del-benidorm-fest-la-generalitat-mantiene-su-apuesta-por-el-certamen-radio-benidorm\/"},"_links":{"self":[{"href":"https:\/\/serbenidorm.daliisolutions.com\/index.php\/wp-json\/wp\/v2\/posts\/12424","targetHints":{"allow":["GET"]}}],"collection":[{"href":"https:\/\/serbenidorm.daliisolutions.com\/index.php\/wp-json\/wp\/v2\/posts"}],"about":[{"href":"https:\/\/serbenidorm.daliisolutions.com\/index.php\/wp-json\/wp\/v2\/types\/post"}],"replies":[{"embeddable":true,"href":"https:\/\/serbenidorm.daliisolutions.com\/index.php\/wp-json\/wp\/v2\/comments?post=12424"}],"version-history":[{"count":0,"href":"https:\/\/serbenidorm.daliisolutions.com\/index.php\/wp-json\/wp\/v2\/posts\/12424\/revisions"}],"wp:featuredmedia":[{"embeddable":true,"href":"https:\/\/serbenidorm.daliisolutions.com\/index.php\/wp-json\/wp\/v2\/media\/12425"}],"wp:attachment":[{"href":"https:\/\/serbenidorm.daliisolutions.com\/index.php\/wp-json\/wp\/v2\/media?parent=12424"}],"wp:term":[{"taxonomy":"category","embeddable":true,"href":"https:\/\/serbenidorm.daliisolutions.com\/index.php\/wp-json\/wp\/v2\/categories?post=12424"},{"taxonomy":"post_tag","embeddable":true,"href":"https:\/\/serbenidorm.daliisolutions.com\/index.php\/wp-json\/wp\/v2\/tags?post=12424"}],"curies":[{"name":"wp","href":"https:\/\/api.w.org\/{rel}","templated":true}]}}