{"id":12432,"date":"2025-01-30T12:54:09","date_gmt":"2025-01-30T11:54:09","guid":{"rendered":"https:\/\/serbenidorm.daliisolutions.com\/index.php\/2025\/01\/30\/las-claves-del-presupuesto-de-finestrat-para-2025\/"},"modified":"2025-01-30T12:54:09","modified_gmt":"2025-01-30T11:54:09","slug":"las-claves-del-presupuesto-de-finestrat-para-2025","status":"publish","type":"post","link":"https:\/\/serbenidorm.daliisolutions.com\/index.php\/2025\/01\/30\/las-claves-del-presupuesto-de-finestrat-para-2025\/","title":{"rendered":"Las claves del presupuesto de Finestrat para 2025"},"content":{"rendered":"  <p><div data-adtype=\"MLDB\"><\/div><\/p>   <p>Finestrat<\/p>   <p>Finestrat lleva este viernes a pleno la aprobaci\u00f3n de sus prepuestos municipales 2025. Una cuenta que asciende a 33 millones de euros, tanto en ingresos como en gastos, y que para el alcalde Juanfran P\u00e9rez Llorca reflejan \u201cla gran transformaci\u00f3n que est\u00e1 viviendo la localidad\u00bb.<\/p>   <p>A destacar el cap\u00edtulo de inversiones, que alcanza los 14 millones con proyectos para la reurbanizaci\u00f3n de las calles m\u00e1s antiguas del casco hist\u00f3rico tradicional, la adquisici\u00f3n de suelo y la construcci\u00f3n de infraestructuras educativas como la <a href=\"https:\/\/cadenaser.com\/tag\/finestrat\/a\/\" target=\"_blank\">segunda Escuela Infantil, el Instituto de Educaci\u00f3n Secundaria, ya en ejecuci\u00f3n, o los tr\u00e1mites para el tercer colegio<\/a>. <\/p>  <p><p>M\u00e1s informaci\u00f3n<\/p><figure><img loading=\"lazy\" decoding=\"async\" src=\"https:\/\/cadenaser.com\/resizer\/v2\/ILEHENTJJVHVBPGXIHR6ST7QVY.png?auth=55f34821d8573939193ac922b3cde17eda5c5518c084c2e082f8bc3e8799f92f&amp;quality=70&amp;width=360&amp;height=202&amp;smart=true\" width=\"820\" height=\"621\" \/><\/figure><ul><li><a href=\"https:\/\/cadenaser.com\/comunitat-valenciana\/2025\/01\/17\/premios-radio-benidorm-estos-son-los-doce-galardonados-de-la-tercera-edicion-radio-benidorm\/\"><span>Premios Radio Benidorm: estos son los doce galardonados de la tercera edici\u00f3n<\/span><\/a><\/li><\/ul><\/p>   <p>En esa misma l\u00ednea de inversi\u00f3n est\u00e1n contempladas mejoras en partidas rurales para implantar alumbrado p\u00fablico con energ\u00eda solar y continuar la expansi\u00f3n de fibra \u00f3ptica. En urbanizaciones est\u00e1 previsto, a su vez, actuaciones de embellecimiento y novedades como la creaci\u00f3n de huertos urbanos.<\/p>   <p>Las cuentas consignan una partida para iniciar la redacci\u00f3n de los proyectos para reurbanizar la Avenida Finestrat de La Cala, as\u00ed como crear una nueva rotonda que elimine la intersecci\u00f3n del M\u00edtico. Tambi\u00e9n destacan 1,4 millones de euros para acci\u00f3n social y el fomento del empleo, 700.000 en materia deportiva y otros tantos en promoci\u00f3n cultural.<\/p>   <p>En cifras el presupuesto general para el ejercicio 2025 asciende a 33.634.543\u201943 \u20ac en cuanto a Gastos y de 33.644.245\u201968 \u20ac, en lo que se refiere a Ingresos. Adem\u00e1s, el remanente de tesorer\u00eda asciende a 11\u20196 millones.<\/p>   <p>     .c-w{         max-width:444px;         width:100%;         margin:32px auto;      background:#00755E;         border-radius:4px;         display:flex;         align-items:center;         justify-content:center;     }     .c-w a{         display:flex;         align-items:center;         justify-content:center;         padding:4px 24px;     }     .c-w img{         width:24px;         margin-right:12px;     }     .c-w p{         font:18px\/25px Poppins;         text-align:center;         color:#fff;         margin:0;     }     @media (max-width:444px){         .c-w a{             padding:4px 12px;         }         .c-w img{             width:24px;             margin-right:8px;         }         .c-w p{             font:14px\/25px Poppins;         }     }     @media (max-width:335px){         .c-w p{             font:13px\/25px Poppins;         }     }  <div class=\"c-w\">     <a href=\"https:\/\/www.whatsapp.com\/channel\/0029Va633PF9WtC4l7XUzh1e\" rel=\"nofollow\" target=\"_blank\">         <img decoding=\"async\" src=\"https:\/\/cadenaser.com\/estaticos\/recursosgraficos\/responsive\/img\/ico-whatsapp.svg\" alt=\"Whatsapp\">         <p>\u00danete al <b>canal de WhatsApp<\/b> de la SER<\/p>     <\/a> <\/div><\/p> ","protected":false},"excerpt":{"rendered":"<p>Aumenta casi un 40 %<\/p>\n","protected":false},"author":0,"featured_media":12433,"comment_status":"open","ping_status":"open","sticky":false,"template":"","format":"standard","meta":{"_acf_changed":false,"footnotes":""},"categories":[1],"tags":[],"class_list":["post-12432","post","type-post","status-publish","format-standard","has-post-thumbnail","hentry","category-sin-categoria"],"acf":{"ser_id":"XQRK2CAGT5E53N6RXJLUZWYLMI","ser_url":"https:\/\/cadenaser.com\/comunitat-valenciana\/2025\/01\/30\/las-claves-del-presupuesto-de-finestrat-para-225-radio-bierzo\/"},"_links":{"self":[{"href":"https:\/\/serbenidorm.daliisolutions.com\/index.php\/wp-json\/wp\/v2\/posts\/12432","targetHints":{"allow":["GET"]}}],"collection":[{"href":"https:\/\/serbenidorm.daliisolutions.com\/index.php\/wp-json\/wp\/v2\/posts"}],"about":[{"href":"https:\/\/serbenidorm.daliisolutions.com\/index.php\/wp-json\/wp\/v2\/types\/post"}],"replies":[{"embeddable":true,"href":"https:\/\/serbenidorm.daliisolutions.com\/index.php\/wp-json\/wp\/v2\/comments?post=12432"}],"version-history":[{"count":0,"href":"https:\/\/serbenidorm.daliisolutions.com\/index.php\/wp-json\/wp\/v2\/posts\/12432\/revisions"}],"wp:featuredmedia":[{"embeddable":true,"href":"https:\/\/serbenidorm.daliisolutions.com\/index.php\/wp-json\/wp\/v2\/media\/12433"}],"wp:attachment":[{"href":"https:\/\/serbenidorm.daliisolutions.com\/index.php\/wp-json\/wp\/v2\/media?parent=12432"}],"wp:term":[{"taxonomy":"category","embeddable":true,"href":"https:\/\/serbenidorm.daliisolutions.com\/index.php\/wp-json\/wp\/v2\/categories?post=12432"},{"taxonomy":"post_tag","embeddable":true,"href":"https:\/\/serbenidorm.daliisolutions.com\/index.php\/wp-json\/wp\/v2\/tags?post=12432"}],"curies":[{"name":"wp","href":"https:\/\/api.w.org\/{rel}","templated":true}]}}