{"id":12435,"date":"2025-01-30T13:48:54","date_gmt":"2025-01-30T12:48:54","guid":{"rendered":"https:\/\/serbenidorm.daliisolutions.com\/index.php\/2025\/01\/30\/el-servigroup-playas-de-benidorm-apoya-la-igualdad-en-el-deporte-con-la-campana-juegan-ellas-ganamos-todos\/"},"modified":"2025-01-30T13:48:54","modified_gmt":"2025-01-30T12:48:54","slug":"el-servigroup-playas-de-benidorm-apoya-la-igualdad-en-el-deporte-con-la-campana-juegan-ellas-ganamos-todos","status":"publish","type":"post","link":"https:\/\/serbenidorm.daliisolutions.com\/index.php\/2025\/01\/30\/el-servigroup-playas-de-benidorm-apoya-la-igualdad-en-el-deporte-con-la-campana-juegan-ellas-ganamos-todos\/","title":{"rendered":"El Servigroup Playas de Benidorm apoya la igualdad en el deporte con la campa\u00f1a \u2018Juegan ellas, ganamos todos\u2019"},"content":{"rendered":"  <p><div data-adtype=\"MLDB\"><\/div><\/p>   <p>Benidorm<\/p>   <p>El Club Voleibol Playas de Benidorm, representado por su director deportivo, Ram\u00f3n Gonz\u00e1lez, la entrenadora Noelia Santacreu y las jugadoras Mar\u00eda Soldevila (capitana), Yusidey Silie y Patricia Calabuig, particip\u00f3 ayer en la presentaci\u00f3n oficial de la octava edici\u00f3n de la campa\u00f1a \u2018Juegan ellas, ganamos todos\u2019, impulsada por Teika, principal patrocinador del equipo. El evento se celebr\u00f3 en el emblem\u00e1tico pabell\u00f3n de la Fonteta de Val\u00e8ncia, donde se reunieron representantes de 17 clubes de diversas disciplinas deportivas.<\/p>   <p>Bego\u00f1a Cano, responsable de Comunicaci\u00f3n y Patrocinio Deportivo de Teika, destac\u00f3 durante el acto el compromiso de la empresa con la promoci\u00f3n de la igualdad en el deporte.<\/p>   <p>\u201cEs fundamental crear oportunidades y referentes femeninos en el \u00e1mbito deportivo para seguir avanzando hacia una sociedad m\u00e1s justa e inclusiva\u201d, afirm\u00f3 Cano. La iniciativa busca visibilizar y apoyar el deporte femenino, fomentando la participaci\u00f3n de mujeres en todas las disciplinas.<\/p>   <p>Por su parte, los representantes del Servigroup Playas de Benidorm subrayaron la importancia de esta colaboraci\u00f3n para seguir impulsando el desarrollo del voleibol femenino en la ciudad. Ram\u00f3n Gonz\u00e1lez, director deportivo del club, destac\u00f3 que \u201cesta alianza nos permite consolidarnos como un referente en la Comunidad Valenciana y seguir trabajando por la igualdad en el deporte\u201d.<\/p>   <p>El Club Voleibol Playas de Benidorm, que ha demostrado un crecimiento constante en los \u00faltimos a\u00f1os, contin\u00faa fortaleciendo su compromiso con la promoci\u00f3n del deporte femenino, tanto en el \u00e1mbito competitivo como en la formaci\u00f3n de j\u00f3venes talentos. La participaci\u00f3n en esta campa\u00f1a refuerza su papel como uno de los equipos m\u00e1s destacados de la regi\u00f3n y su apuesta por un futuro m\u00e1s igualitario en el mundo del deporte.<\/p>   <p>     .c-w{         max-width:444px;         width:100%;         margin:32px auto;      background:#00755E;         border-radius:4px;         display:flex;         align-items:center;         justify-content:center;     }     .c-w a{         display:flex;         align-items:center;         justify-content:center;         padding:4px 24px;     }     .c-w img{         width:24px;         margin-right:12px;     }     .c-w p{         font:18px\/25px Poppins;         text-align:center;         color:#fff;         margin:0;     }     @media (max-width:444px){         .c-w a{             padding:4px 12px;         }         .c-w img{             width:24px;             margin-right:8px;         }         .c-w p{             font:14px\/25px Poppins;         }     }     @media (max-width:335px){         .c-w p{             font:13px\/25px Poppins;         }     }  <div class=\"c-w\">     <a href=\"https:\/\/www.whatsapp.com\/channel\/0029Va633PF9WtC4l7XUzh1e\" rel=\"nofollow\" target=\"_blank\">         <img decoding=\"async\" src=\"https:\/\/cadenaser.com\/estaticos\/recursosgraficos\/responsive\/img\/ico-whatsapp.svg\" alt=\"Whatsapp\">         <p>\u00danete al <b>canal de WhatsApp<\/b> de la SER<\/p>     <\/a> <\/div><\/p> ","protected":false},"excerpt":{"rendered":"<p>La puesta de largo de la iniciativa se desarroll\u00f3 en la Fonteta de Val\u00e8ncia<\/p>\n","protected":false},"author":0,"featured_media":12436,"comment_status":"open","ping_status":"open","sticky":false,"template":"","format":"standard","meta":{"_acf_changed":false,"footnotes":""},"categories":[16],"tags":[],"class_list":["post-12435","post","type-post","status-publish","format-standard","has-post-thumbnail","hentry","category-deportes"],"acf":{"ser_id":"AP5O6UNBK5DXPMML64Y24QNMPY","ser_url":"https:\/\/cadenaser.com\/comunitat-valenciana\/2025\/01\/30\/el-servigroup-playas-de-benidorm-apoya-la-igualdad-en-el-deporte-con-la-campana-juegan-ellas-ganamos-todos-radio-benidorm\/"},"_links":{"self":[{"href":"https:\/\/serbenidorm.daliisolutions.com\/index.php\/wp-json\/wp\/v2\/posts\/12435","targetHints":{"allow":["GET"]}}],"collection":[{"href":"https:\/\/serbenidorm.daliisolutions.com\/index.php\/wp-json\/wp\/v2\/posts"}],"about":[{"href":"https:\/\/serbenidorm.daliisolutions.com\/index.php\/wp-json\/wp\/v2\/types\/post"}],"replies":[{"embeddable":true,"href":"https:\/\/serbenidorm.daliisolutions.com\/index.php\/wp-json\/wp\/v2\/comments?post=12435"}],"version-history":[{"count":0,"href":"https:\/\/serbenidorm.daliisolutions.com\/index.php\/wp-json\/wp\/v2\/posts\/12435\/revisions"}],"wp:featuredmedia":[{"embeddable":true,"href":"https:\/\/serbenidorm.daliisolutions.com\/index.php\/wp-json\/wp\/v2\/media\/12436"}],"wp:attachment":[{"href":"https:\/\/serbenidorm.daliisolutions.com\/index.php\/wp-json\/wp\/v2\/media?parent=12435"}],"wp:term":[{"taxonomy":"category","embeddable":true,"href":"https:\/\/serbenidorm.daliisolutions.com\/index.php\/wp-json\/wp\/v2\/categories?post=12435"},{"taxonomy":"post_tag","embeddable":true,"href":"https:\/\/serbenidorm.daliisolutions.com\/index.php\/wp-json\/wp\/v2\/tags?post=12435"}],"curies":[{"name":"wp","href":"https:\/\/api.w.org\/{rel}","templated":true}]}}