{"id":12456,"date":"2025-01-30T19:31:24","date_gmt":"2025-01-30T18:31:24","guid":{"rendered":"https:\/\/serbenidorm.daliisolutions.com\/index.php\/2025\/01\/30\/felipe-orts-lidera-la-seleccion-espanola-de-ciclocross-en-el-mundial-de-lievin\/"},"modified":"2025-01-30T19:31:24","modified_gmt":"2025-01-30T18:31:24","slug":"felipe-orts-lidera-la-seleccion-espanola-de-ciclocross-en-el-mundial-de-lievin","status":"publish","type":"post","link":"https:\/\/serbenidorm.daliisolutions.com\/index.php\/2025\/01\/30\/felipe-orts-lidera-la-seleccion-espanola-de-ciclocross-en-el-mundial-de-lievin\/","title":{"rendered":"Felipe Orts lidera la Selecci\u00f3n Espa\u00f1ola de ciclocross en el Mundial de Li\u00e9vin"},"content":{"rendered":"  <p><div data-adtype=\"MLDB\"><\/div><\/p>   <p>Benidorm<\/p>   <p>La localidad francesa de Li\u00e9vin se prepara para acoger este fin de semana el Campeonato del Mundo de ciclocross, una cita en la que la Selecci\u00f3n Espa\u00f1ola llega cargada de ilusi\u00f3n y con el vilero Felipe Orts como principal referente. El ciclista, vigente subcampe\u00f3n de Europa, afronta el evento tras completar la mejor temporada de su carrera, consolid\u00e1ndose como uno de los grandes nombres del ciclocross internacional.<\/p>   <p>Orts, quien ha luchado de t\u00fa a t\u00fa con los mejores especialistas del mundo durante esta campa\u00f1a, ha subido al podio en el Europeo y en pruebas de la Copa del Mundo, demostrando un nivel excepcional. Junto a \u00e9l, Kevin Su\u00e1rezy Mario Junquera completar\u00e1n el equipo \u00e9lite masculino, mientras que en la categor\u00eda femenina, Sof\u00eda Rodr\u00edguez, Luc\u00eda Gonz\u00e1lez y Sara Cueto representar\u00e1n a Espa\u00f1a.<\/p>   <p>El nuevo seleccionador nacional, Javier Ruiz de Larrinaga, dirige una expedici\u00f3n de 15 deportistas que incluye a las categor\u00edas \u00e9lite, sub23 y j\u00fanior. Larrinaga ha destacado la importancia del \u2018team relay\u2019, una prueba que se disputar\u00e1 el viernes y en la que Espa\u00f1a competir\u00e1 por primera vez en los \u00faltimos a\u00f1os. \u201cSiempre he sido partidario de competir en el \u2018team relay\u2019 mientras no trastocara los planes de los ciclistas. Habl\u00e9 con ellos, todos estuvieron predispuestos a participar y creo que podemos obtener un buen resultado. Estar peleando por las medallas ser\u00eda muy bonito\u201d, afirm\u00f3 el seleccionador.<\/p>   <p>Respecto al circuito, Larrinaga se\u00f1al\u00f3 que se trata de un trazado \u201ct\u00edpicamente franc\u00e9s\u201d, muy r\u00e1pido, aunque las condiciones podr\u00edan variar dependiendo de las lluvias de los \u00faltimos d\u00edas. \u201cLa previsi\u00f3n para el fin de semana es que no llueva, pero todo depender\u00e1 de c\u00f3mo se quede el terreno\u201d, explic\u00f3.<\/p>   <p>Confianza en Felipe Orts<\/p>   <p>El seleccionador nacional ha puesto sus esperanzas en Felipe Orts, quien llega al Mundial en un momento de forma excepcional. \u201cEsto es un Mundial y todo el mundo llega en su mejor momento, pero tenemos que confiar plenamente en Felipe por todo lo que nos est\u00e1 dando. A \u00e9l lo que mejor le va son los circuitos t\u00e9cnicos, y lleva una temporada muy exigente encima, haciendo podio ya muy pronto en Pontevedra. Sabemos de lo que es capaz y confiamos en que logre un gran resultado\u201d, afirm\u00f3 Larrinaga.<\/p>   <p>     .c-w{         max-width:444px;         width:100%;         margin:32px auto;      background:#00755E;         border-radius:4px;         display:flex;         align-items:center;         justify-content:center;     }     .c-w a{         display:flex;         align-items:center;         justify-content:center;         padding:4px 24px;     }     .c-w img{         width:24px;         margin-right:12px;     }     .c-w p{         font:18px\/25px Poppins;         text-align:center;         color:#fff;         margin:0;     }     @media (max-width:444px){         .c-w a{             padding:4px 12px;         }         .c-w img{             width:24px;             margin-right:8px;         }         .c-w p{             font:14px\/25px Poppins;         }     }     @media (max-width:335px){         .c-w p{             font:13px\/25px Poppins;         }     }  <div class=\"c-w\">     <a href=\"https:\/\/www.whatsapp.com\/channel\/0029Va633PF9WtC4l7XUzh1e\" rel=\"nofollow\" target=\"_blank\">         <img decoding=\"async\" src=\"https:\/\/cadenaser.com\/estaticos\/recursosgraficos\/responsive\/img\/ico-whatsapp.svg\" alt=\"Whatsapp\">         <p>\u00danete al <b>canal de WhatsApp<\/b> de la SER<\/p>     <\/a> <\/div><\/p>   <p>En la categor\u00eda femenina, las expectativas tambi\u00e9n son altas. Sof\u00eda Rodr\u00edguez llega reforzada tras su victoria en el Campeonato de Espa\u00f1a, mientras que Luc\u00eda Gonz\u00e1lez, a pesar de algunos problemas recientes, cuenta con una amplia experiencia. Sara Cueto, por su parte, ha demostrado un gran rendimiento a lo largo del a\u00f1o, lo que le ha valido su participaci\u00f3n en este Mundial.<\/p>   <p>Con un equipo joven y motivado, y con Felipe Orts como estandarte, Espa\u00f1a afronta este Campeonato del Mundo con la ambici\u00f3n de dejar huella y luchar por las medallas en una de las competiciones m\u00e1s exigentes del calendario internacional de ciclocross.<\/p> ","protected":false},"excerpt":{"rendered":"<p>Espa\u00f1a, con el vilero como jefe de filas, disputar\u00e1 por primera vez el \u2018team relay\u2019 del viernes<\/p>\n","protected":false},"author":0,"featured_media":12457,"comment_status":"open","ping_status":"open","sticky":false,"template":"","format":"standard","meta":{"_acf_changed":false,"footnotes":""},"categories":[16],"tags":[],"class_list":["post-12456","post","type-post","status-publish","format-standard","has-post-thumbnail","hentry","category-deportes"],"acf":{"ser_id":"HHTAT3KAVRFSTOOOTP7GDGYVBE","ser_url":"https:\/\/cadenaser.com\/comunitat-valenciana\/2025\/01\/30\/felipe-orts-lidera-la-seleccion-espanola-de-ciclocross-en-el-mundial-de-lievin-radio-benidorm\/"},"_links":{"self":[{"href":"https:\/\/serbenidorm.daliisolutions.com\/index.php\/wp-json\/wp\/v2\/posts\/12456","targetHints":{"allow":["GET"]}}],"collection":[{"href":"https:\/\/serbenidorm.daliisolutions.com\/index.php\/wp-json\/wp\/v2\/posts"}],"about":[{"href":"https:\/\/serbenidorm.daliisolutions.com\/index.php\/wp-json\/wp\/v2\/types\/post"}],"replies":[{"embeddable":true,"href":"https:\/\/serbenidorm.daliisolutions.com\/index.php\/wp-json\/wp\/v2\/comments?post=12456"}],"version-history":[{"count":0,"href":"https:\/\/serbenidorm.daliisolutions.com\/index.php\/wp-json\/wp\/v2\/posts\/12456\/revisions"}],"wp:featuredmedia":[{"embeddable":true,"href":"https:\/\/serbenidorm.daliisolutions.com\/index.php\/wp-json\/wp\/v2\/media\/12457"}],"wp:attachment":[{"href":"https:\/\/serbenidorm.daliisolutions.com\/index.php\/wp-json\/wp\/v2\/media?parent=12456"}],"wp:term":[{"taxonomy":"category","embeddable":true,"href":"https:\/\/serbenidorm.daliisolutions.com\/index.php\/wp-json\/wp\/v2\/categories?post=12456"},{"taxonomy":"post_tag","embeddable":true,"href":"https:\/\/serbenidorm.daliisolutions.com\/index.php\/wp-json\/wp\/v2\/tags?post=12456"}],"curies":[{"name":"wp","href":"https:\/\/api.w.org\/{rel}","templated":true}]}}