{"id":12458,"date":"2025-01-30T19:31:26","date_gmt":"2025-01-30T18:31:26","guid":{"rendered":"https:\/\/serbenidorm.daliisolutions.com\/index.php\/2025\/01\/30\/jolanda-neff-y-sam-gaze-lideran-el-cartel-de-la-shimano-super-cup-massi-mtb-xco-en-la-nucia\/"},"modified":"2025-01-30T19:31:26","modified_gmt":"2025-01-30T18:31:26","slug":"jolanda-neff-y-sam-gaze-lideran-el-cartel-de-la-shimano-super-cup-massi-mtb-xco-en-la-nucia","status":"publish","type":"post","link":"https:\/\/serbenidorm.daliisolutions.com\/index.php\/2025\/01\/30\/jolanda-neff-y-sam-gaze-lideran-el-cartel-de-la-shimano-super-cup-massi-mtb-xco-en-la-nucia\/","title":{"rendered":"Jolanda Neff y Sam Gaze lideran el cartel de la Shimano Super Cup Massi MTB XCO en La Nuc\u00eda"},"content":{"rendered":"  <p><div data-adtype=\"MLDB\"><\/div><\/p>   <p>Benidorm<\/p>   <p>La localidad de La Nuc\u00eda volver\u00e1 a convertirse en el epicentro del MTB internacional los pr\u00f3ximos 8 y 9 de febrero con la celebraci\u00f3n de la Shimano Super Cup Massi MTB XCO, prueba de categor\u00eda UCI C1. El evento contar\u00e1 con la participaci\u00f3n de destacadas figuras del ciclismo de monta\u00f1a, como la campeona ol\u00edmpica en Tokio 2020 y mundial en 2017, Jolanda Neff (Cannondale Factory Team), y el doble campe\u00f3n del mundo en la modalidad short track (2023 y 2024), Sam Gaze (Alpecin).<\/p>   <p>El certamen, que celebrar\u00e1 su cuarta edici\u00f3n en La Nuc\u00eda, se desarrollar\u00e1 en un espectacular circuito ol\u00edmpico dise\u00f1ado por Carlos Coloma, bronce en los Juegos de R\u00edo 2016. La organizaci\u00f3n ha anunciado que la entrada ser\u00e1 libre y gratuita para el p\u00fablico.<\/p>   <p>La participaci\u00f3n de esta edici\u00f3n ha batido todos los r\u00e9cords, con 420 bikers inscritos a falta de cinco d\u00edas para el cierre de inscripciones, previsto para el pr\u00f3ximo martes 5 de febrero. Entre los corredores confirmados se encuentran los espa\u00f1oles David Valero (bronce ol\u00edmpico en Tokio 2020) y David Campos, as\u00ed como la estonia Janika Loiv, el campe\u00f3n dan\u00e9s Sebasti\u00e1n Fini, el canadiense Cole Punchard, la portuguesa Ana Santos, la actual campeona de Espa\u00f1a Elisabeth Sagardoy y la estadounidense Sof\u00eda Waite.<\/p>   <p><b>Programa de competiciones<\/b><\/p>   <p>La jornada inaugural arrancar\u00e1 con las carreras infantiles por la ma\u00f1ana, puntuables para el Open XCO de la Federaci\u00f3 de Ciclisme de la Comunitat Valenciana. Por la tarde, se disputar\u00e1 la carrera de m\u00e1sters masculina (M30, M40 y M50) a las 14:30 horas, seguida por la prueba junior masculina a las 16:00 horas.<\/p>   <p>El segundo d\u00eda de competici\u00f3n comenzar\u00e1 a las 9:00 horas con la carrera cadete masculina. A las 10:30 horas se disputar\u00e1 la carrera femenina en todas sus categor\u00edas, mientras que la \u00e9lite masculina y sub-23 tendr\u00e1 lugar a las 12:30 horas. Estas dos \u00faltimas pruebas ser\u00e1n retransmitidas en directo por streaming a trav\u00e9s del canal de OCISPORT.<\/p>   <p>     .c-w{         max-width:444px;         width:100%;         margin:32px auto;      background:#00755E;         border-radius:4px;         display:flex;         align-items:center;         justify-content:center;     }     .c-w a{         display:flex;         align-items:center;         justify-content:center;         padding:4px 24px;     }     .c-w img{         width:24px;         margin-right:12px;     }     .c-w p{         font:18px\/25px Poppins;         text-align:center;         color:#fff;         margin:0;     }     @media (max-width:444px){         .c-w a{             padding:4px 12px;         }         .c-w img{             width:24px;             margin-right:8px;         }         .c-w p{             font:14px\/25px Poppins;         }     }     @media (max-width:335px){         .c-w p{             font:13px\/25px Poppins;         }     }  <div class=\"c-w\">     <a href=\"https:\/\/www.whatsapp.com\/channel\/0029Va633PF9WtC4l7XUzh1e\" rel=\"nofollow\" target=\"_blank\">         <img decoding=\"async\" src=\"https:\/\/cadenaser.com\/estaticos\/recursosgraficos\/responsive\/img\/ico-whatsapp.svg\" alt=\"Whatsapp\">         <p>\u00danete al <b>canal de WhatsApp<\/b> de la SER<\/p>     <\/a> <\/div><\/p> ","protected":false},"excerpt":{"rendered":"<p>La prueba UCI C1 reunir\u00e1 a m\u00e1s de 400 bikers en un circuito dise\u00f1ado por Carlos Coloma<\/p>\n","protected":false},"author":0,"featured_media":12459,"comment_status":"open","ping_status":"open","sticky":false,"template":"","format":"standard","meta":{"_acf_changed":false,"footnotes":""},"categories":[16],"tags":[],"class_list":["post-12458","post","type-post","status-publish","format-standard","has-post-thumbnail","hentry","category-deportes"],"acf":{"ser_id":"PAKHYPVCQJERFPJKPO5CKFFAII","ser_url":"https:\/\/cadenaser.com\/comunitat-valenciana\/2025\/01\/30\/jolanda-neff-y-sam-gaze-lideran-el-cartel-de-la-shimano-super-cup-massi-mtb-xco-en-la-nucia-radio-benidorm\/"},"_links":{"self":[{"href":"https:\/\/serbenidorm.daliisolutions.com\/index.php\/wp-json\/wp\/v2\/posts\/12458","targetHints":{"allow":["GET"]}}],"collection":[{"href":"https:\/\/serbenidorm.daliisolutions.com\/index.php\/wp-json\/wp\/v2\/posts"}],"about":[{"href":"https:\/\/serbenidorm.daliisolutions.com\/index.php\/wp-json\/wp\/v2\/types\/post"}],"replies":[{"embeddable":true,"href":"https:\/\/serbenidorm.daliisolutions.com\/index.php\/wp-json\/wp\/v2\/comments?post=12458"}],"version-history":[{"count":0,"href":"https:\/\/serbenidorm.daliisolutions.com\/index.php\/wp-json\/wp\/v2\/posts\/12458\/revisions"}],"wp:featuredmedia":[{"embeddable":true,"href":"https:\/\/serbenidorm.daliisolutions.com\/index.php\/wp-json\/wp\/v2\/media\/12459"}],"wp:attachment":[{"href":"https:\/\/serbenidorm.daliisolutions.com\/index.php\/wp-json\/wp\/v2\/media?parent=12458"}],"wp:term":[{"taxonomy":"category","embeddable":true,"href":"https:\/\/serbenidorm.daliisolutions.com\/index.php\/wp-json\/wp\/v2\/categories?post=12458"},{"taxonomy":"post_tag","embeddable":true,"href":"https:\/\/serbenidorm.daliisolutions.com\/index.php\/wp-json\/wp\/v2\/tags?post=12458"}],"curies":[{"name":"wp","href":"https:\/\/api.w.org\/{rel}","templated":true}]}}