{"id":12464,"date":"2025-01-31T11:16:41","date_gmt":"2025-01-31T10:16:41","guid":{"rendered":"https:\/\/serbenidorm.daliisolutions.com\/index.php\/2025\/01\/31\/el-servigroup-playas-de-benidorm-afronta-un-doble-reto-a-domicilio-en-la-jornada-14-de-la-superliga-2\/"},"modified":"2025-01-31T11:16:41","modified_gmt":"2025-01-31T10:16:41","slug":"el-servigroup-playas-de-benidorm-afronta-un-doble-reto-a-domicilio-en-la-jornada-14-de-la-superliga-2","status":"publish","type":"post","link":"https:\/\/serbenidorm.daliisolutions.com\/index.php\/2025\/01\/31\/el-servigroup-playas-de-benidorm-afronta-un-doble-reto-a-domicilio-en-la-jornada-14-de-la-superliga-2\/","title":{"rendered":"El Servigroup Playas de Benidorm afronta un doble reto a domicilio en la jornada 14 de la Superliga 2"},"content":{"rendered":"  <p><div data-adtype=\"MLDB\"><\/div><\/p>   <p>Benidorm<\/p>   <p>Los equipos masculino y femenino del Servigroup Playas de Benidorm se preparan para afrontar un fin de semana clave en la jornada 14 de la Superliga 2. Ambos conjuntos jugar\u00e1n a domicilio en partidos que pueden resultar determinantes en sus aspiraciones de la temporada. Tras sendas derrotas en el tie-break la pasada semana, los benidormenses buscan sumar puntos vitales para seguir en la pelea por sus objetivos.<\/p>   <p>El masculino quiere reencontrarse con la victoria ante el CV SUAC Canarias<\/p>   <p>El equipo dirigido por Adriano Lamb viajar\u00e1 a Las Palmas de Gran Canaria para medirse este domingo (12:00h, hora insular) al CV SUAC Canarias, un rival que ocupa la parte media-baja de la tabla y lucha por eludir el descenso. Los benidormenses encajaron su primera derrota en 13 jornadas ante el UC3M Voleibol Legan\u00e9s, por lo que este partido se presenta como una oportunidad para recuperar sensaciones y consolidarse en la zona alta.<\/p>   <p>Este encuentro cobra especial relevancia, ya que el duelo entre UC3M Legan\u00e9s y Voley Villena Petrer, dos rivales directos en la clasificaci\u00f3n, podr\u00eda favorecer los intereses del equipo de Lamb si logran sumar los tres puntos.<\/p>   <p>Adriano Lamb, entrenador del equipo masculino, analiz\u00f3 el reto:\u00bbEs un partido complicado porque siempre es dif\u00edcil jugar en Las Palmas. Ellos han perdido jugadores, pero siguen siendo peligrosos. Adem\u00e1s, tenemos bajas importantes, pero el equipo est\u00e1 muy motivado y queremos asegurarnos cuanto antes nuestra clasificaci\u00f3n para la fase de ascenso.\u00bb<\/p>   <p>El femenino busca seguir su buena din\u00e1mica ante el CV Paterna Liceo<\/p>   <p>Por su parte, el equipo femenino visitar\u00e1 este s\u00e1bado (19:30h) al CV Paterna Liceo, un conjunto que ya les derrot\u00f3 en la semifinal de la Copa Comunitat. Sin embargo, en la primera vuelta de la liga, las de Noelia Santacreu se impusieron por 3-1 en el Pabell\u00f3n Ra\u00fal Mesa.<\/p>   <p>     .c-w{         max-width:444px;         width:100%;         margin:32px auto;      background:#00755E;         border-radius:4px;         display:flex;         align-items:center;         justify-content:center;     }     .c-w a{         display:flex;         align-items:center;         justify-content:center;         padding:4px 24px;     }     .c-w img{         width:24px;         margin-right:12px;     }     .c-w p{         font:18px\/25px Poppins;         text-align:center;         color:#fff;         margin:0;     }     @media (max-width:444px){         .c-w a{             padding:4px 12px;         }         .c-w img{             width:24px;             margin-right:8px;         }         .c-w p{             font:14px\/25px Poppins;         }     }     @media (max-width:335px){         .c-w p{             font:13px\/25px Poppins;         }     }  <div class=\"c-w\">     <a href=\"https:\/\/www.whatsapp.com\/channel\/0029Va633PF9WtC4l7XUzh1e\" rel=\"nofollow\" target=\"_blank\">         <img decoding=\"async\" src=\"https:\/\/cadenaser.com\/estaticos\/recursosgraficos\/responsive\/img\/ico-whatsapp.svg\" alt=\"Whatsapp\">         <p>\u00danete al <b>canal de WhatsApp<\/b> de la SER<\/p>     <\/a> <\/div><\/p>   <p>Las benidormenses afrontan este compromiso con una plantilla mermada por las lesiones. A las ausencias ya conocidas se suma ahora la de Patricia Madaleno, aunque podr\u00e1n contar con el regreso de Lidia Tolmos, quien ya tuvo minutos en la pasada jornada ante Mairena.<\/p>   <p>Noelia Santacreu, entrenadora del equipo femenino, destac\u00f3 la dificultad del encuentro:\u00bbSabemos que Paterna es un equipo muy fuerte en casa, pero queremos competir al m\u00e1ximo. Tenemos una ventaja de siete puntos sobre ellas en la tabla, pero seguro que seguir\u00e1n mejorando su posici\u00f3n. Vamos de menos a m\u00e1s y queremos demostrar nuestro mejor nivel.\u00bb<\/p>   <p>El Servigroup Playas de Benidorm afronta este doble reto con la ambici\u00f3n de sumar puntos clave y seguir peleando por sus objetivos en la Superliga 2.<\/p> ","protected":false},"excerpt":{"rendered":"<p>El equipo masculino buscar\u00e1 recuperar la senda del triunfo en Las Palmas, mientras que el femenino quiere seguir creciendo en Paterna<\/p>\n","protected":false},"author":0,"featured_media":12465,"comment_status":"open","ping_status":"open","sticky":false,"template":"","format":"standard","meta":{"_acf_changed":false,"footnotes":""},"categories":[16],"tags":[],"class_list":["post-12464","post","type-post","status-publish","format-standard","has-post-thumbnail","hentry","category-deportes"],"acf":{"ser_id":"J4IBVU6LO5GCJHA2DRIM4WSJYE","ser_url":"https:\/\/cadenaser.com\/comunitat-valenciana\/2025\/01\/31\/el-servigroup-playas-de-benidorm-afronta-un-doble-reto-a-domicilio-en-la-jornada-14-de-la-superliga-2-radio-benidorm\/"},"_links":{"self":[{"href":"https:\/\/serbenidorm.daliisolutions.com\/index.php\/wp-json\/wp\/v2\/posts\/12464","targetHints":{"allow":["GET"]}}],"collection":[{"href":"https:\/\/serbenidorm.daliisolutions.com\/index.php\/wp-json\/wp\/v2\/posts"}],"about":[{"href":"https:\/\/serbenidorm.daliisolutions.com\/index.php\/wp-json\/wp\/v2\/types\/post"}],"replies":[{"embeddable":true,"href":"https:\/\/serbenidorm.daliisolutions.com\/index.php\/wp-json\/wp\/v2\/comments?post=12464"}],"version-history":[{"count":0,"href":"https:\/\/serbenidorm.daliisolutions.com\/index.php\/wp-json\/wp\/v2\/posts\/12464\/revisions"}],"wp:featuredmedia":[{"embeddable":true,"href":"https:\/\/serbenidorm.daliisolutions.com\/index.php\/wp-json\/wp\/v2\/media\/12465"}],"wp:attachment":[{"href":"https:\/\/serbenidorm.daliisolutions.com\/index.php\/wp-json\/wp\/v2\/media?parent=12464"}],"wp:term":[{"taxonomy":"category","embeddable":true,"href":"https:\/\/serbenidorm.daliisolutions.com\/index.php\/wp-json\/wp\/v2\/categories?post=12464"},{"taxonomy":"post_tag","embeddable":true,"href":"https:\/\/serbenidorm.daliisolutions.com\/index.php\/wp-json\/wp\/v2\/tags?post=12464"}],"curies":[{"name":"wp","href":"https:\/\/api.w.org\/{rel}","templated":true}]}}