{"id":12468,"date":"2025-01-31T14:33:46","date_gmt":"2025-01-31T13:33:46","guid":{"rendered":"https:\/\/serbenidorm.daliisolutions.com\/index.php\/2025\/01\/31\/blanca-paloma-desvelara-hoy-en-benidorm-pinceladas-del-que-sera-su-futuro-disco-que-lleva-un-ano-componiendo\/"},"modified":"2025-01-31T14:33:46","modified_gmt":"2025-01-31T13:33:46","slug":"blanca-paloma-desvelara-hoy-en-benidorm-pinceladas-del-que-sera-su-futuro-disco-que-lleva-un-ano-componiendo","status":"publish","type":"post","link":"https:\/\/serbenidorm.daliisolutions.com\/index.php\/2025\/01\/31\/blanca-paloma-desvelara-hoy-en-benidorm-pinceladas-del-que-sera-su-futuro-disco-que-lleva-un-ano-componiendo\/","title":{"rendered":"Blanca Paloma desvelar\u00e1 hoy en Benidorm pinceladas del que ser\u00e1 su futuro disco que lleva un a\u00f1o componiendo"},"content":{"rendered":"  <p><div data-adtype=\"MLDB\"><\/div><\/p>   <p>La ganadora del Benidorm Fest en 2023 y representante de Espa\u00f1a en Eurovisi\u00f3n, Blanca Paloma, desvelar\u00e1 hoy en Benidorm alguno de los temas que formar\u00e1n parte de su futuro disco en el que la artista ilicitana lleva m\u00e1s de un a\u00f1o trabajando.<\/p>   <p>Tal y como ha desvelado en <a href=\"https:\/\/radiobenidorm.es\/\" rel=\"nofollow\" target=\"_blank\">Hoy por Hoy Benidorm<\/a>, Blanca Paloma lleva \u201cun a\u00f1o encerrada en el estudio componiendo\u201d las canciones que formar\u00e1n parte de su primer \u00e1lbum que ver\u00e1 la luz \u201ccuanto antes, esperamos que lo m\u00e1s pronto posible\u201d y que ha supuesto un proceso intenso de trabajo. \u201cLo hemos cocinado a fuego lento y con mucho cari\u00f1o\u201d.<\/p>   <p>La artista asegura haber disfrutado mucho el proceso y sentirse orgullosa de la evoluci\u00f3n. \u201cDe la idea que ten\u00eda al principio a la que tengo ahora hay diferencias porque en el proceso van pasando cosas. Pero estoy en un momento en el que puedo ver el trabajo hecho cuando miro atr\u00e1s y me siento orgullosa y con muchas ganas de soltarlo al mundo\u201d, a\u00f1ade.<\/p>   <p>De ese trabajo los eurofans que vayan hoy a la fiesta del Euroclub que se celebra en el Auditorio Julio Iglesias del Parque de L\u2019Aiguera de Benidorm tendr\u00e1n el privilegio de tener un adelanto. Tambi\u00e9n los asistentes a un concierto ac\u00fastico programado hoy a las 20.00 horas en el Hotel Barcel\u00f3 Beach, del que est\u00e1n agotadas las localidades\u201d, podr\u00e1n ver a la Blanca Paloma m\u00e1s \u00edntima y disfrutar de alguna pincelada de su pr\u00f3ximo disco.<\/p>   <p>De cara a la gran final de Benidorm Fest Blanca Paloma ha mostrado su \u201capoyo incondicional a todos los concursantes\u201d y como consejo les ha trasladado que \u201csigan siendo ellos mismos porque eso es lo que los ha llevado a la final y no tienen que hacer nadad mas de lo que ya han hecho. Que lo hagan igual de bien que en las semifinales\u201d.<\/p>   <p>     .c-w{         max-width:444px;         width:100%;         margin:32px auto;      background:#00755E;         border-radius:4px;         display:flex;         align-items:center;         justify-content:center;     }     .c-w a{         display:flex;         align-items:center;         justify-content:center;         padding:4px 24px;     }     .c-w img{         width:24px;         margin-right:12px;     }     .c-w p{         font:18px\/25px Poppins;         text-align:center;         color:#fff;         margin:0;     }     @media (max-width:444px){         .c-w a{             padding:4px 12px;         }         .c-w img{             width:24px;             margin-right:8px;         }         .c-w p{             font:14px\/25px Poppins;         }     }     @media (max-width:335px){         .c-w p{             font:13px\/25px Poppins;         }     }  <div class=\"c-w\">     <a href=\"https:\/\/www.whatsapp.com\/channel\/0029Va633PF9WtC4l7XUzh1e\" rel=\"nofollow\" target=\"_blank\">         <img decoding=\"async\" src=\"https:\/\/cadenaser.com\/estaticos\/recursosgraficos\/responsive\/img\/ico-whatsapp.svg\" alt=\"Whatsapp\">         <p>\u00danete al <b>canal de WhatsApp<\/b> de la SER<\/p>     <\/a> <\/div><\/p>   <p>Por \u00faltimo sobre la edici\u00f3n de este a\u00f1o la artista se\u00f1ala que \u201clo veo muy re\u00f1ido entre los artistas de la primera semifinal y los de la segunda. He visto voces que me han cautivado y cosas que me han sorprendido y que han pasado a la final y creo que eso es lo bonito de todo esto\u201d.<\/p> ","protected":false},"excerpt":{"rendered":"<p>La ganadora del Benidorm Fest 2023 aconseja a los finalistas que \u201csean ellos mismos\u201d y les traslada su \u201capoyo incondicional\u201d<\/p>\n","protected":false},"author":0,"featured_media":12469,"comment_status":"open","ping_status":"open","sticky":false,"template":"","format":"standard","meta":{"_acf_changed":false,"footnotes":""},"categories":[1],"tags":[],"class_list":["post-12468","post","type-post","status-publish","format-standard","has-post-thumbnail","hentry","category-sin-categoria"],"acf":{"ser_id":"6SRVGMZE2FCFDLRTTXHKZRNC4A","ser_url":"https:\/\/cadenaser.com\/comunitat-valenciana\/2025\/01\/31\/blanca-paloma-desvelara-hoy-en-benidorm-pinceladas-del-que-sera-su-futuro-disco-que-lleva-un-ano-componiendo-radio-benidorm\/"},"_links":{"self":[{"href":"https:\/\/serbenidorm.daliisolutions.com\/index.php\/wp-json\/wp\/v2\/posts\/12468","targetHints":{"allow":["GET"]}}],"collection":[{"href":"https:\/\/serbenidorm.daliisolutions.com\/index.php\/wp-json\/wp\/v2\/posts"}],"about":[{"href":"https:\/\/serbenidorm.daliisolutions.com\/index.php\/wp-json\/wp\/v2\/types\/post"}],"replies":[{"embeddable":true,"href":"https:\/\/serbenidorm.daliisolutions.com\/index.php\/wp-json\/wp\/v2\/comments?post=12468"}],"version-history":[{"count":0,"href":"https:\/\/serbenidorm.daliisolutions.com\/index.php\/wp-json\/wp\/v2\/posts\/12468\/revisions"}],"wp:featuredmedia":[{"embeddable":true,"href":"https:\/\/serbenidorm.daliisolutions.com\/index.php\/wp-json\/wp\/v2\/media\/12469"}],"wp:attachment":[{"href":"https:\/\/serbenidorm.daliisolutions.com\/index.php\/wp-json\/wp\/v2\/media?parent=12468"}],"wp:term":[{"taxonomy":"category","embeddable":true,"href":"https:\/\/serbenidorm.daliisolutions.com\/index.php\/wp-json\/wp\/v2\/categories?post=12468"},{"taxonomy":"post_tag","embeddable":true,"href":"https:\/\/serbenidorm.daliisolutions.com\/index.php\/wp-json\/wp\/v2\/tags?post=12468"}],"curies":[{"name":"wp","href":"https:\/\/api.w.org\/{rel}","templated":true}]}}