{"id":12486,"date":"2025-01-31T15:16:12","date_gmt":"2025-01-31T14:16:12","guid":{"rendered":"https:\/\/serbenidorm.daliisolutions.com\/index.php\/2025\/01\/31\/resultado-de-la-segunda-semifinal-del-benidorm-fest-2025-melody-j-kbello-mel-omana-y-mawot-ultimos-finalistas\/"},"modified":"2025-01-31T15:16:12","modified_gmt":"2025-01-31T14:16:12","slug":"resultado-de-la-segunda-semifinal-del-benidorm-fest-2025-melody-j-kbello-mel-omana-y-mawot-ultimos-finalistas","status":"publish","type":"post","link":"https:\/\/serbenidorm.daliisolutions.com\/index.php\/2025\/01\/31\/resultado-de-la-segunda-semifinal-del-benidorm-fest-2025-melody-j-kbello-mel-omana-y-mawot-ultimos-finalistas\/","title":{"rendered":"Resultado de la segunda semifinal del Benidorm Fest 2025: Melody, J Kbello, Mel \u00d6mana y Mawot, \u00faltimos finalistas"},"content":{"rendered":"  <p><div data-adtype=\"MLDB\"><\/div><\/p>   <p>Benidorm<\/p>   <p>La suerte ya est\u00e1 echada en el <a href=\"https:\/\/cadenaser.com\/comunitat-valenciana\/2025\/01\/28\/resultado-de-la-primera-semifinal-del-benidorm-fest-2025-daniela-blasco-lachispa-lucas-bun-y-kuve-se-convierten-en-finalistas-radio-benidorm\/\" target=\"_blank\">Benidorm Fest 2025<\/a>. El jurado profesional y el p\u00fablico han elegido este jueves a los \u00faltimos cuatro finalistas que debutar\u00e1n en la gran final del concurso: Melody, J Kbello, Mel \u00d6mana y Mawot volver\u00e1n a demostrar sus dotes sobre el escenario del Palau d\u2019Esports L&#8217;Illa de la ciudad para intentar llevarse el micr\u00f3fono de bronce y suceder a Chanel, Blanca Paloma y Nebulossa.<\/p>   <p><p>M\u00e1s informaci\u00f3n<\/p><ul><li><a href=\"https:\/\/cadenaser.com\/comunitat-valenciana\/2025\/01\/30\/el-futuro-del-benidorm-fest-la-generalitat-mantiene-su-apuesta-por-el-certamen-radio-benidorm\/\"><span>El futuro del Benidorm Fest: la Generalitat confirma su apuesta por el certamen<\/span><\/a><\/li><li><a href=\"https:\/\/cadenaser.com\/nacional\/2025\/01\/27\/preguntan-a-melody-por-la-filtracion-de-su-actuacion-del-benidorm-fest-y-se-abre-en-canal-sobre-como-se-entero-una-se-viene-abajo-cadena-ser\/\"><span>\u00abUna se viene abajo\u00bb: Melody se abre en canal y se sincera sobre c\u00f3mo vivi\u00f3 la filtraci\u00f3n de su actuaci\u00f3n en el Benidorm Fest<\/span><\/a><\/li><\/ul><\/p>   <p>La segunda gala de esta cuarta edici\u00f3n ha vivido pura adrenalina con un medley interpretado por Chenoa con sus mejores canciones. Una actuaci\u00f3n especial donde la exconcursante de Operaci\u00f3n Triunfo ha estado arropada por un numeroso cuerpo de baile y por todo el p\u00fablico que acud\u00eda en masa a ver la \u00faltima ronda del Benidorm Fest 2025 antes de su final.<\/p>   <p>El jurado profesional, compuesto por ocho personas expertas en la industria musical, ha decidido apoyar para ir a la gran final a Mel \u00d6mana, Melody, J Kbello y Mawot. Por otro lado, el p\u00fablico, a trav\u00e9s de llamadas, SMS y votos en la app, ha colocado en sus primeros cuatro puestos a J Kbello, DeTeresa, Melody y Mel \u00d6mana.<\/p>   <p>Melody, una de las grandes favoritas<\/p>   <p>La favorita de la noche no ha tenido problema para asegurarse una mesa de la <i>green room <\/i>en el \u00faltimo programa. Melody ostentaba durante varias semanas los primeros puestos de las apuestas y su gran directo le ha llevado a mantenerse la segunda preferida. Posici\u00f3n que ha defendido este jueves en Benidorm y que ha logrado el suficiente apoyo como para superar la barrera de la tabla y coronarse finalista para la final del pr\u00f3ximo 1 de febrero.<\/p>   <p><div class=\"cnt-iframe-16-9\"><iframe src=\"https:\/\/www.youtube.com\/embed\/PqOeAnGX1eg\" title=\"YouTube video player\" allow=\"accelerometer; autoplay; clipboard-write; encrypted-media; gyroscope; picture-in-picture\"><\/iframe><\/div><\/p>   <p>J Kbello: una apuesta arriesgada y novedosa<\/p>   <p>Otra de las plazas en la final se la ha llevado uno de los nombres m\u00e1s mencionados en la lista de concursantes de esta cuarta edici\u00f3n del Benidorm Fest 2025. J Kbello ha llevado al escenario de Benidorm una apuesta arriesgada, con una canci\u00f3n con aires novedosos, actuales y que ha lucido con una puesta en escena donde destacaba el baile y su espl\u00e9ndido equipo de bailarines.<\/p>   <p>     .c-w{         max-width:444px;         width:100%;         margin:32px auto;      background:#00755E;         border-radius:4px;         display:flex;         align-items:center;         justify-content:center;     }     .c-w a{         display:flex;         align-items:center;         justify-content:center;         padding:4px 24px;     }     .c-w img{         width:24px;         margin-right:12px;     }     .c-w p{         font:18px\/25px Poppins;         text-align:center;         color:#fff;         margin:0;     }     @media (max-width:444px){         .c-w a{             padding:4px 12px;         }         .c-w img{             width:24px;             margin-right:8px;         }         .c-w p{             font:14px\/25px Poppins;         }     }     @media (max-width:335px){         .c-w p{             font:13px\/25px Poppins;         }     }  <div class=\"c-w\">     <a href=\"https:\/\/www.whatsapp.com\/channel\/0029Va633PF9WtC4l7XUzh1e\" rel=\"nofollow\" target=\"_blank\">         <img decoding=\"async\" src=\"https:\/\/cadenaser.com\/estaticos\/recursosgraficos\/responsive\/img\/ico-whatsapp.svg\" alt=\"Whatsapp\">         <p>\u00danete al <b>canal de WhatsApp<\/b> de la SER<\/p>     <\/a> <\/div><\/p>   <p><div class=\"cnt-iframe-16-9\"><iframe src=\"https:\/\/www.youtube.com\/embed\/ONyGYjmkZok\" title=\"YouTube video player\" allow=\"accelerometer; autoplay; clipboard-write; encrypted-media; gyroscope; picture-in-picture\"><\/iframe><\/div><\/p>   <p>La gran sorpresa de Mel \u00d6mana<\/p>   <p>Por \u00faltimo, Mel \u00d6mana ha querido arriesgar con una puesta en escena b\u00e1sica, pero id\u00f3nea para lo que pide su tema, que ha defendido con una muy buena capacidad vocal. La artista ha sorprendido con una muy buena actuaci\u00f3n que ha arrancado el aplauso varias veces en el recinto. Su <i>dress reveal<\/i>, su coreograf\u00eda con cuerpo de bailarines y una canci\u00f3n totalmente explosiva volver\u00e1n a dejarse ver en la gran final del festival.<\/p>   <p><div class=\"cnt-iframe-16-9\"><iframe src=\"https:\/\/www.youtube.com\/embed\/oOgYH-KWJB4\" title=\"YouTube video player\" allow=\"accelerometer; autoplay; clipboard-write; encrypted-media; gyroscope; picture-in-picture\"><\/iframe><\/div><\/p>   <p>Mawot, de Castell\u00f3n a Benidorm<\/p>   <p>Mawot y su <i>Raggio di sole<\/i> se ha logrado colar en la gran final del Benidorm Fest gracias al apoyo de jurado profesional compuesto por ocho expertos de la industria musical. El de Castell\u00f3n defender\u00e1 de nuevo su candidatura el pr\u00f3ximo s\u00e1bado con sus dos bailarinas sobre el escenario del festival. Su puesta en escena ha tenido un bonito homenaje a su hijo, que aparece a trav\u00e9s de una silueta al final de la actuaci\u00f3n.<\/p>   <p><div class=\"cnt-iframe-16-9\"><iframe src=\"https:\/\/www.youtube.com\/embed\/4HQCD2hkzfw\" title=\"YouTube video player\" allow=\"accelerometer; autoplay; clipboard-write; encrypted-media; gyroscope; picture-in-picture\"><\/iframe><\/div><\/p> ","protected":false},"excerpt":{"rendered":"<p>RTVE cierra la gala con sus ocho finalistas de la edici\u00f3n, de donde saldr\u00e1 el representante de Espa\u00f1a en Eurovisi\u00f3n<\/p>\n","protected":false},"author":0,"featured_media":12487,"comment_status":"open","ping_status":"open","sticky":false,"template":"","format":"standard","meta":{"_acf_changed":false,"footnotes":""},"categories":[1],"tags":[],"class_list":["post-12486","post","type-post","status-publish","format-standard","has-post-thumbnail","hentry","category-sin-categoria"],"acf":{"ser_id":"UBOYMJB42NFBRFLCJ7POWDB7VM","ser_url":"https:\/\/cadenaser.com\/comunitat-valenciana\/2025\/01\/30\/resultado-de-la-segunda-semifinal-del-benidorm-fest-2025-melody-j-kbello-mel-omana-y-xxx-ultimos-finalistas-radio-benidorm\/"},"_links":{"self":[{"href":"https:\/\/serbenidorm.daliisolutions.com\/index.php\/wp-json\/wp\/v2\/posts\/12486","targetHints":{"allow":["GET"]}}],"collection":[{"href":"https:\/\/serbenidorm.daliisolutions.com\/index.php\/wp-json\/wp\/v2\/posts"}],"about":[{"href":"https:\/\/serbenidorm.daliisolutions.com\/index.php\/wp-json\/wp\/v2\/types\/post"}],"replies":[{"embeddable":true,"href":"https:\/\/serbenidorm.daliisolutions.com\/index.php\/wp-json\/wp\/v2\/comments?post=12486"}],"version-history":[{"count":0,"href":"https:\/\/serbenidorm.daliisolutions.com\/index.php\/wp-json\/wp\/v2\/posts\/12486\/revisions"}],"wp:featuredmedia":[{"embeddable":true,"href":"https:\/\/serbenidorm.daliisolutions.com\/index.php\/wp-json\/wp\/v2\/media\/12487"}],"wp:attachment":[{"href":"https:\/\/serbenidorm.daliisolutions.com\/index.php\/wp-json\/wp\/v2\/media?parent=12486"}],"wp:term":[{"taxonomy":"category","embeddable":true,"href":"https:\/\/serbenidorm.daliisolutions.com\/index.php\/wp-json\/wp\/v2\/categories?post=12486"},{"taxonomy":"post_tag","embeddable":true,"href":"https:\/\/serbenidorm.daliisolutions.com\/index.php\/wp-json\/wp\/v2\/tags?post=12486"}],"curies":[{"name":"wp","href":"https:\/\/api.w.org\/{rel}","templated":true}]}}