{"id":12511,"date":"2025-02-01T18:21:04","date_gmt":"2025-02-01T17:21:04","guid":{"rendered":"https:\/\/serbenidorm.daliisolutions.com\/index.php\/2025\/02\/01\/el-benidorm-fest-2025-en-cifras-ocupaciones-hoteleras-de-verano-bares-llenos-y-audiencias-internacionales\/"},"modified":"2025-02-01T18:21:04","modified_gmt":"2025-02-01T17:21:04","slug":"el-benidorm-fest-2025-en-cifras-ocupaciones-hoteleras-de-verano-bares-llenos-y-audiencias-internacionales","status":"publish","type":"post","link":"https:\/\/serbenidorm.daliisolutions.com\/index.php\/2025\/02\/01\/el-benidorm-fest-2025-en-cifras-ocupaciones-hoteleras-de-verano-bares-llenos-y-audiencias-internacionales\/","title":{"rendered":"El Benidorm Fest 2025 en cifras: ocupaciones hoteleras de verano, bares llenos y audiencias internacionales"},"content":{"rendered":"  <p><div data-adtype=\"MLDB\"><\/div><\/p>   <p>Benidorm<\/p>   <p>Ha sido un mantra durante toda la semana: el Benidorm Fest es ya m\u00e1s que tres galas de televisi\u00f3n. Y este fen\u00f3meno tiene, al margen de las propuestas musicales y su siempre entregado p\u00fablico, una derivada econ\u00f3mica fundamental para la capital tur\u00edstica de la Comunitat Valenciana en pleno invierno.<\/p>   <p>Se trat\u00f3 el a\u00f1o pasado de un impacto econ\u00f3mico directo de 2,5 millones de euros seg\u00fan c\u00e1lculos del Ayuntamiento y, a falta de cerrar la presente edici\u00f3n, todo apunta a que rondar\u00e1 esa misma cifra contribuyendo con rotundidad a ese tan ansiado objetivo del sector que es la <a href=\"https:\/\/cadenaser.com\/tag\/benidorm\/a\/\" target=\"_blank\">desestacionalizaci\u00f3n<\/a>.<\/p>  <p><p>M\u00e1s informaci\u00f3n<\/p><figure><img loading=\"lazy\" decoding=\"async\" src=\"https:\/\/cadenaser.com\/resizer\/v2\/CABR6MH6PZFDLGDFR6IXS7WMLU.jpg?auth=62ae76079ee5f86b8b904b1de34c4181b5a426441d7f47dc078b0e266a097e48&amp;quality=70&amp;width=360&amp;height=202&amp;smart=true\" width=\"820\" height=\"621\" \/><\/figure><ul><li><a href=\"https:\/\/cadenaser.com\/comunitat-valenciana\/2025\/01\/30\/el-futuro-del-benidorm-fest-la-generalitat-mantiene-su-apuesta-por-el-certamen-radio-benidorm\/\"><span>El futuro del Benidorm Fest: la Generalitat confirma su apuesta por el certamen<\/span><\/a><\/li><\/ul><\/p>   <p>Los hoteles que no han aprovechado para dar vacaciones o hacer reformas y siguen abiertos prev\u00e9n registrar una ocupaci\u00f3n media del 75 %, seg\u00fan los c\u00e1lculos de la patronal, alcanzando los 84 puntos este fin de semana y un pico de 86 el s\u00e1bado de la final. Una estad\u00edstica muy similar a la de las viviendas de uso tur\u00edstico asociadas a APTUR que tambi\u00e9n rondan el 85 % en estos d\u00edas.<\/p>   <p>Aunque muy positivas son cifras ligeramente m\u00e1s bajas que el a\u00f1o pasado, cuando se ocuparon m\u00e1s del 78 % de las plazas abiertas en la \u00faltima semana de enero, llegando a un pico del 88 % el fin de semana. En cualquier caso la secretaria general de Hosbec, Maite Garc\u00eda, sigue valorando de manera m\u00e1s que positiva este impulso destacando adem\u00e1s lo \u00abdiverso\u00bb del p\u00fablico que estos d\u00edas llega a Benidorm.<\/p>   <p>6.000 pinchos en el Tapa Fest hasta el viernes<\/p>   <p>Otra imagen inusitada de estas alturas de enero es la de bares y restaurantes hasta la bandera, otro punto a favor del festival que celebra la Asociaci\u00f3n de Bares, Restaurantes, Cafeter\u00edas y Ocio Nocturno de Benidorm y Comarca (ABRECA). Para su portavoz, Alex Fratini, lo mejor est\u00e1 por llegar en este \u00faltimo fin de semana y pese a ello ya se han vendido m\u00e1s de 6.000 pinchos en la veintena de establecimientos que est\u00e1n participando en el Tapa Fest.<\/p>   <p>     .c-w{         max-width:444px;         width:100%;         margin:32px auto;      background:#00755E;         border-radius:4px;         display:flex;         align-items:center;         justify-content:center;     }     .c-w a{         display:flex;         align-items:center;         justify-content:center;         padding:4px 24px;     }     .c-w img{         width:24px;         margin-right:12px;     }     .c-w p{         font:18px\/25px Poppins;         text-align:center;         color:#fff;         margin:0;     }     @media (max-width:444px){         .c-w a{             padding:4px 12px;         }         .c-w img{             width:24px;             margin-right:8px;         }         .c-w p{             font:14px\/25px Poppins;         }     }     @media (max-width:335px){         .c-w p{             font:13px\/25px Poppins;         }     }  <div class=\"c-w\">     <a href=\"https:\/\/www.whatsapp.com\/channel\/0029Va633PF9WtC4l7XUzh1e\" rel=\"nofollow\" target=\"_blank\">         <img decoding=\"async\" src=\"https:\/\/cadenaser.com\/estaticos\/recursosgraficos\/responsive\/img\/ico-whatsapp.svg\" alt=\"Whatsapp\">         <p>\u00danete al <b>canal de WhatsApp<\/b> de la SER<\/p>     <\/a> <\/div><\/p>   <p>Una iniciativa, la del Tapa Fest, que cumple ya tres ediciones &#8211; solo una menos que el Benidorm Fest &#8211; y en la que <a href=\"https:\/\/cadenaser.com\/tag\/comarca_la_marina_baixa\/a\/\" target=\"_blank\">la Taberna Andaluza y La Fava se han alzado con los premios de p\u00fablico y jurado<\/a>. Hasta el domingo seguir\u00e1n ofreciendo sus propuestas culinarias inspiradas en la m\u00fasica y el mundo eurovisivo a precios especiales.<\/p>   <p>La audiencia sube y las redes hablan<\/p>   <p>No dejando de ser un producto televisivo uno de los temas que m\u00e1s puede preocupar de cara al futuro del Benidorm Fest es que las audiencias se vayan debilitando a\u00f1o tras a\u00f1o, pero este 2025 ha sido al contrario y aprovechando el tir\u00f3n de &#8216;La Revuelta&#8217; de David Broncano La 1 de Televisi\u00f3n Espa\u00f1ola ha conseguido que las dos semifinales fueran l\u00edderes en las noches del martes y el jueves con m\u00e1s de un mill\u00f3n de espectadores de media y hasta tres millones de espectadores \u00fanicos en cada una de las galas.<\/p>   <p>Los \u2018hashtags\u2019 #benidormfestsemi2, #benidormfest2024 y #benidormfest alcanzaron este jueves el primer puesto entre las tendencias nacionales e internacionales, con seguimiento en un total de 84 pa\u00edses. De hecho, durante toda la jornada se registraron m\u00e1s de 135.000 menciones totales, mientras que entre las 22.00 y las 00.00 horas, paralelamente a la emisi\u00f3n de la gala, hubo m\u00e1s de 108.000, con un alcance potencial que, seg\u00fan la red social, podr\u00eda cifrarse en 207 millones de personas, tal y como se recoge en el estudio de big data elaborado por Visit Benidorm.<\/p>   <p>Espa\u00f1a, como es l\u00f3gico, fue el pa\u00eds en el que m\u00e1s se sigui\u00f3 el evento, con un 67,40% de audiencia en redes sociales. Le sigui\u00f3 Colombia (18,78%), seguido de Venezuela, o Estados Unidos, aunque tambi\u00e9n se registraron \u2018post\u2019 de otras zonas m\u00e1s remotas como Australia, Nueva Zelanda, Canad\u00e1, Indonesia o Jap\u00f3n, entre otros.<\/p> ","protected":false},"excerpt":{"rendered":"<p>El festival gener\u00f3 en su anterior edici\u00f3n un impacto econ\u00f3mico de 2,5 millones de euros en la ciudad<\/p>\n","protected":false},"author":0,"featured_media":12512,"comment_status":"open","ping_status":"open","sticky":false,"template":"","format":"standard","meta":{"_acf_changed":false,"footnotes":""},"categories":[1],"tags":[],"class_list":["post-12511","post","type-post","status-publish","format-standard","has-post-thumbnail","hentry","category-sin-categoria"],"acf":{"ser_id":"OO7YFH2KPBEJNII2HOYZE2LSWA","ser_url":"https:\/\/cadenaser.com\/comunitat-valenciana\/2025\/01\/31\/el-benidorm-fest-2025-en-cifras-ocupaciones-hoteleras-de-verano-bares-llenos-y-audiencias-internacionales-radio-benidorm\/"},"_links":{"self":[{"href":"https:\/\/serbenidorm.daliisolutions.com\/index.php\/wp-json\/wp\/v2\/posts\/12511","targetHints":{"allow":["GET"]}}],"collection":[{"href":"https:\/\/serbenidorm.daliisolutions.com\/index.php\/wp-json\/wp\/v2\/posts"}],"about":[{"href":"https:\/\/serbenidorm.daliisolutions.com\/index.php\/wp-json\/wp\/v2\/types\/post"}],"replies":[{"embeddable":true,"href":"https:\/\/serbenidorm.daliisolutions.com\/index.php\/wp-json\/wp\/v2\/comments?post=12511"}],"version-history":[{"count":0,"href":"https:\/\/serbenidorm.daliisolutions.com\/index.php\/wp-json\/wp\/v2\/posts\/12511\/revisions"}],"wp:featuredmedia":[{"embeddable":true,"href":"https:\/\/serbenidorm.daliisolutions.com\/index.php\/wp-json\/wp\/v2\/media\/12512"}],"wp:attachment":[{"href":"https:\/\/serbenidorm.daliisolutions.com\/index.php\/wp-json\/wp\/v2\/media?parent=12511"}],"wp:term":[{"taxonomy":"category","embeddable":true,"href":"https:\/\/serbenidorm.daliisolutions.com\/index.php\/wp-json\/wp\/v2\/categories?post=12511"},{"taxonomy":"post_tag","embeddable":true,"href":"https:\/\/serbenidorm.daliisolutions.com\/index.php\/wp-json\/wp\/v2\/tags?post=12511"}],"curies":[{"name":"wp","href":"https:\/\/api.w.org\/{rel}","templated":true}]}}