{"id":12553,"date":"2025-02-03T12:56:10","date_gmt":"2025-02-03T11:56:10","guid":{"rendered":"https:\/\/serbenidorm.daliisolutions.com\/index.php\/2025\/02\/03\/estos-son-los-nuevos-cortes-de-trafico-en-benidorm-hasta-semana-santa\/"},"modified":"2025-02-03T12:56:10","modified_gmt":"2025-02-03T11:56:10","slug":"estos-son-los-nuevos-cortes-de-trafico-en-benidorm-hasta-semana-santa","status":"publish","type":"post","link":"https:\/\/serbenidorm.daliisolutions.com\/index.php\/2025\/02\/03\/estos-son-los-nuevos-cortes-de-trafico-en-benidorm-hasta-semana-santa\/","title":{"rendered":"Estos son los nuevos cortes de tr\u00e1fico en Benidorm hasta Semana Santa"},"content":{"rendered":"  <p><div data-adtype=\"MLDB\"><\/div><\/p>   <p>Benidorm<\/p>   <p>Nuevos cortes y desv\u00edos de tr\u00e1fico  desde este lunes con motivo de las obras de mejora en la red de agua residuales proyectadas en la avenida Armada Espa\u00f1ola y en el Parque de Elche.\u00a0<\/p>   <p>La primera de estas obras consiste en la adecuaci\u00f3n del \u00faltimo tramo del colector de saneamiento de la avenida Armada Espa\u00f1ola en su confluencia con Jaime I. Se trata de un tramo de unos 100 metros que quedar\u00e1 cerrado al tr\u00e1fico rodado y peatonal. <\/p>  <p><p>M\u00e1s informaci\u00f3n<\/p><figure><img loading=\"lazy\" decoding=\"async\" src=\"https:\/\/cadenaser.com\/resizer\/v2\/ACCCUN4QYFBORBEUTDWCPG6YLU.JPG?auth=d885b2fe436fd19610f71a15af85d716a8cdd09ba6a533aff925defa7ebdcef6&amp;quality=70&amp;width=360&amp;height=202&amp;smart=true\" width=\"820\" height=\"621\" \/><\/figure><ul><li><a href=\"https:\/\/cadenaser.com\/comunitat-valenciana\/2025\/01\/29\/nos-vemos-tirados-y-sin-seguro-los-taxistas-de-benidorm-se-unen-a-la-huelga-nacional-radio-benidorm\/\"><span>\u00abNos vemos tirados y sin seguro\u00bb: los taxistas de Benidorm se unen a la huelga nacional<\/span><\/a><\/li><\/ul><\/p>   <p>As\u00ed, mientras duren los trabajos, el tr\u00e1fico de veh\u00edculos autorizados, reparto de mercanc\u00edas y transporte p\u00fablico se desviar\u00e1 por la avenida Uruguay, lleg\u00e1ndose a Armada Espa\u00f1ola a trav\u00e9s de la avenida de Xixo.<\/p>   <p>Desde el \u00e1rea de Movilidad han explicado que el tramo de Armada Espa\u00f1ola entre Xixo y Jaime I funcionar\u00e1 como vial de entrada y salida para los veh\u00edculos con vados en la zona afectada y para los de carga y descarga en el horario autorizado. <\/p>   <p>En todo este tramo el carril-bici quedar\u00e1 cortado. Por lo que respecta al tr\u00e1fico peatonal, se ir\u00e1 desviando seg\u00fan las necesidades de la obra.<\/p>   <p>     .c-w{         max-width:444px;         width:100%;         margin:32px auto;      background:#00755E;         border-radius:4px;         display:flex;         align-items:center;         justify-content:center;     }     .c-w a{         display:flex;         align-items:center;         justify-content:center;         padding:4px 24px;     }     .c-w img{         width:24px;         margin-right:12px;     }     .c-w p{         font:18px\/25px Poppins;         text-align:center;         color:#fff;         margin:0;     }     @media (max-width:444px){         .c-w a{             padding:4px 12px;         }         .c-w img{             width:24px;             margin-right:8px;         }         .c-w p{             font:14px\/25px Poppins;         }     }     @media (max-width:335px){         .c-w p{             font:13px\/25px Poppins;         }     }  <div class=\"c-w\">     <a href=\"https:\/\/www.whatsapp.com\/channel\/0029Va633PF9WtC4l7XUzh1e\" rel=\"nofollow\" target=\"_blank\">         <img decoding=\"async\" src=\"https:\/\/cadenaser.com\/estaticos\/recursosgraficos\/responsive\/img\/ico-whatsapp.svg\" alt=\"Whatsapp\">         <p>\u00danete al <b>canal de WhatsApp<\/b> de la SER<\/p>     <\/a> <\/div><\/p>   <p>Estos <a href=\"https:\/\/cadenaser.com\/tag\/benidorm\/a\/\" target=\"_blank\">cortes y desv\u00edos estar\u00e1n operativos durante toda la obra, que se espera est\u00e9 finalizada antes de Semana Santa<\/a>.<\/p>   <p>Parque de Elche<\/p>   <p>La segunda obra que tambi\u00e9n se inicia este pr\u00f3ximo lunes es la de instalaci\u00f3n de un nuevo sistema de bombeo subterr\u00e1neo en el Parque de Elche que mejorar\u00e1 la recogida e impulsi\u00f3n de las aguas pluviales de toda la zona. <\/p>   <p>El desarrollo de esta obra, que se prolongar\u00e1 hasta mediados de marzo, obligar\u00e1 a cortar el tr\u00e1fico en la calle Alcalde Jos\u00e9 Such y los veh\u00edculos ser\u00e1n desviados por San Pedro, a donde se desplazar\u00e1 la parada de autob\u00fas. Adem\u00e1s, el carril-bici estar\u00e1 cortado desde la calle Maravall hasta la confluencia con Los Almendros.<\/p> ","protected":false},"excerpt":{"rendered":"<p>Afectan a la zona de Poniente y el parque de Elche<\/p>\n","protected":false},"author":0,"featured_media":12554,"comment_status":"open","ping_status":"open","sticky":false,"template":"","format":"standard","meta":{"_acf_changed":false,"footnotes":""},"categories":[1],"tags":[],"class_list":["post-12553","post","type-post","status-publish","format-standard","has-post-thumbnail","hentry","category-sin-categoria"],"acf":{"ser_id":"Y2DJDVZJURFCHPFPAV2NUJ7OKE","ser_url":"https:\/\/cadenaser.com\/comunitat-valenciana\/2025\/02\/03\/estos-son-los-nuevos-cortes-de-trafico-en-benidorm-hasta-semana-santa-radio-benidorm\/"},"_links":{"self":[{"href":"https:\/\/serbenidorm.daliisolutions.com\/index.php\/wp-json\/wp\/v2\/posts\/12553","targetHints":{"allow":["GET"]}}],"collection":[{"href":"https:\/\/serbenidorm.daliisolutions.com\/index.php\/wp-json\/wp\/v2\/posts"}],"about":[{"href":"https:\/\/serbenidorm.daliisolutions.com\/index.php\/wp-json\/wp\/v2\/types\/post"}],"replies":[{"embeddable":true,"href":"https:\/\/serbenidorm.daliisolutions.com\/index.php\/wp-json\/wp\/v2\/comments?post=12553"}],"version-history":[{"count":0,"href":"https:\/\/serbenidorm.daliisolutions.com\/index.php\/wp-json\/wp\/v2\/posts\/12553\/revisions"}],"wp:featuredmedia":[{"embeddable":true,"href":"https:\/\/serbenidorm.daliisolutions.com\/index.php\/wp-json\/wp\/v2\/media\/12554"}],"wp:attachment":[{"href":"https:\/\/serbenidorm.daliisolutions.com\/index.php\/wp-json\/wp\/v2\/media?parent=12553"}],"wp:term":[{"taxonomy":"category","embeddable":true,"href":"https:\/\/serbenidorm.daliisolutions.com\/index.php\/wp-json\/wp\/v2\/categories?post=12553"},{"taxonomy":"post_tag","embeddable":true,"href":"https:\/\/serbenidorm.daliisolutions.com\/index.php\/wp-json\/wp\/v2\/tags?post=12553"}],"curies":[{"name":"wp","href":"https:\/\/api.w.org\/{rel}","templated":true}]}}