{"id":12555,"date":"2025-02-03T12:56:11","date_gmt":"2025-02-03T11:56:11","guid":{"rendered":"https:\/\/serbenidorm.daliisolutions.com\/index.php\/2025\/02\/03\/los-bomberos-del-consorcio-de-alicante-denuncian-que-no-han-cobrado-ni-un-euro-por-horas-extra-en-2024-incluidas-las-de-la-dana\/"},"modified":"2025-02-03T12:56:11","modified_gmt":"2025-02-03T11:56:11","slug":"los-bomberos-del-consorcio-de-alicante-denuncian-que-no-han-cobrado-ni-un-euro-por-horas-extra-en-2024-incluidas-las-de-la-dana","status":"publish","type":"post","link":"https:\/\/serbenidorm.daliisolutions.com\/index.php\/2025\/02\/03\/los-bomberos-del-consorcio-de-alicante-denuncian-que-no-han-cobrado-ni-un-euro-por-horas-extra-en-2024-incluidas-las-de-la-dana\/","title":{"rendered":"Los bomberos del Consorcio de Alicante denuncian que no han cobrado ni un euro por horas extra en 2024, incluidas las de la DANA"},"content":{"rendered":"  <p><div data-adtype=\"MLDB\"><\/div><\/p>   <p>Alicante<\/p>   <p>Los bomberos del Consorcio Provincial de Alicante tachan de \u00abimpresentable\u00bb que a d\u00eda de hoy no hayan cobrado a\u00fan ni un solo euro por las horas extraordinarias realizadas en 2024.<\/p>   <p>Una situaci\u00f3n que afecta a entre 650 y 700 efectivos del organismo, adscrito a la Diputaci\u00f3n, y que se arrastra desde hace a\u00f1os, aunque \u00e9ste la gota ha colmado el vaso, ya que ni siquiera se han contabilizado las horas que realizaron a causa de la DANA de Valencia.<\/p>   <p>El pasado viernes registraron la queja ante la Subdelegaci\u00f3n del Gobierno.<\/p>   <p>\u00c1ngel Garc\u00eda, delegado de Personal de UGT en el Consorcio, explica que, adem\u00e1s, la partida de 1,8 millones consignada en los presupuestos para este 2025 bajo el t\u00edtulo \u00abGratificaciones por Servicios Extraordinarios\u00bb, est\u00e1 \u00abfalseada\u00bb, porque no llega ni a cubrir los 2 millones de euros en que estiman esa deuda.<\/p>   <p><div><div id=\"player-1738344471706\" class=\"c-pl-a pl-n\"><button class=\"bt-pp\" data-audioid=\"1738344471706\" data-type=\"aod\">Play\/Pause<\/button><div class=\"opc\"><p class=\"tit\"><span><\/span><\/p><p class=\"tim\">00:00<\/p><button class=\"bt-op\">Mostrar Opciones<\/button><div class=\"c-on\"><span class=\"pro-usu\"><button aria-label=\"pro-usu\"><\/button><\/span><span class=\"pro-total\"><\/span><\/div><\/div><div class=\"c-op\"><button>Cerrar<\/button><div><ul><li><button class=\"bt-sh\">Compartir<\/button><\/li><\/ul><\/div><\/div><div class=\"c-sh\"><button>Cerrar<\/button><div><p>Compartir<\/p><ul><li><button class=\"bt-fa\" data-ssnn=\"facebook\" data-url=\"https:\/\/cadenaser.com\/comunitat-valenciana\/2025\/02\/03\/los-bomberos-del-consorcio-de-alicante-denuncian-que-no-han-cobrado-ni-un-euro-por-horas-extra-en-2024-incluidas-las-de-la-dana-radio-alicante\/\">Facebook<\/button><\/li><li><button class=\"bt-tw\" data-ssnn=\"twitter\" data-url=\"https:\/\/cadenaser.com\/comunitat-valenciana\/2025\/02\/03\/los-bomberos-del-consorcio-de-alicante-denuncian-que-no-han-cobrado-ni-un-euro-por-horas-extra-en-2024-incluidas-las-de-la-dana-radio-alicante\/\">Twitter<\/button><\/li><li><button class=\"bt-li\" data-ssnn=\"linkedin\" data-url=\"https:\/\/cadenaser.com\/comunitat-valenciana\/2025\/02\/03\/los-bomberos-del-consorcio-de-alicante-denuncian-que-no-han-cobrado-ni-un-euro-por-horas-extra-en-2024-incluidas-las-de-la-dana-radio-alicante\/\">Linkedin<\/button><\/li><li><button class=\"bt-wh\" data-ssnn=\"whatsapp\" data-url=\"https:\/\/cadenaser.com\/comunitat-valenciana\/2025\/02\/03\/los-bomberos-del-consorcio-de-alicante-denuncian-que-no-han-cobrado-ni-un-euro-por-horas-extra-en-2024-incluidas-las-de-la-dana-radio-alicante\/\">Whatsapp<\/button><\/li><li><button class=\"bt-em\">Embeber<\/button><\/li><\/ul><\/div><div><p>El c\u00f3digo iframe se ha copiado en el portapapeles<\/p><\/div><\/div><\/div><\/div><\/p>   <p>Recuerdan que solo con la DANA pasaron tres semanas de octubre en Valencia, y despu\u00e9s en noviembre volvieron a ser reactivadas nueve dotaciones con un puesto de mando junto al centro comercial IKEA de Alfafar.<\/p>   <p>     .c-w{         max-width:444px;         width:100%;         margin:32px auto;      background:#00755E;         border-radius:4px;         display:flex;         align-items:center;         justify-content:center;     }     .c-w a{         display:flex;         align-items:center;         justify-content:center;         padding:4px 24px;     }     .c-w img{         width:24px;         margin-right:12px;     }     .c-w p{         font:18px\/25px Poppins;         text-align:center;         color:#fff;         margin:0;     }     @media (max-width:444px){         .c-w a{             padding:4px 12px;         }         .c-w img{             width:24px;             margin-right:8px;         }         .c-w p{             font:14px\/25px Poppins;         }     }     @media (max-width:335px){         .c-w p{             font:13px\/25px Poppins;         }     }  <div class=\"c-w\">     <a href=\"https:\/\/www.whatsapp.com\/channel\/0029Va633PF9WtC4l7XUzh1e\" rel=\"nofollow\" target=\"_blank\">         <img decoding=\"async\" src=\"https:\/\/cadenaser.com\/estaticos\/recursosgraficos\/responsive\/img\/ico-whatsapp.svg\" alt=\"Whatsapp\">         <p>\u00danete al <b>canal de WhatsApp<\/b> de la SER<\/p>     <\/a> <\/div><\/p>   <p>A ello se suma que tampoco les han abonado los servicios sociales ni la productividad correspondiente a 2024.<\/p> ","protected":false},"excerpt":{"rendered":"<p>Han registrado la queja ante la Subdelegaci\u00f3n del Gobierno<\/p>\n","protected":false},"author":0,"featured_media":12556,"comment_status":"open","ping_status":"open","sticky":false,"template":"","format":"standard","meta":{"_acf_changed":false,"footnotes":""},"categories":[1],"tags":[],"class_list":["post-12555","post","type-post","status-publish","format-standard","has-post-thumbnail","hentry","category-sin-categoria"],"acf":{"ser_id":"CLA76IBZFNGBTIRBS4WGQLI3TA","ser_url":"https:\/\/cadenaser.com\/comunitat-valenciana\/2025\/02\/03\/los-bomberos-del-consorcio-de-alicante-denuncian-que-no-han-cobrado-ni-un-euro-por-horas-extra-en-2024-incluidas-las-de-la-dana-radio-alicante\/"},"_links":{"self":[{"href":"https:\/\/serbenidorm.daliisolutions.com\/index.php\/wp-json\/wp\/v2\/posts\/12555","targetHints":{"allow":["GET"]}}],"collection":[{"href":"https:\/\/serbenidorm.daliisolutions.com\/index.php\/wp-json\/wp\/v2\/posts"}],"about":[{"href":"https:\/\/serbenidorm.daliisolutions.com\/index.php\/wp-json\/wp\/v2\/types\/post"}],"replies":[{"embeddable":true,"href":"https:\/\/serbenidorm.daliisolutions.com\/index.php\/wp-json\/wp\/v2\/comments?post=12555"}],"version-history":[{"count":0,"href":"https:\/\/serbenidorm.daliisolutions.com\/index.php\/wp-json\/wp\/v2\/posts\/12555\/revisions"}],"wp:featuredmedia":[{"embeddable":true,"href":"https:\/\/serbenidorm.daliisolutions.com\/index.php\/wp-json\/wp\/v2\/media\/12556"}],"wp:attachment":[{"href":"https:\/\/serbenidorm.daliisolutions.com\/index.php\/wp-json\/wp\/v2\/media?parent=12555"}],"wp:term":[{"taxonomy":"category","embeddable":true,"href":"https:\/\/serbenidorm.daliisolutions.com\/index.php\/wp-json\/wp\/v2\/categories?post=12555"},{"taxonomy":"post_tag","embeddable":true,"href":"https:\/\/serbenidorm.daliisolutions.com\/index.php\/wp-json\/wp\/v2\/tags?post=12555"}],"curies":[{"name":"wp","href":"https:\/\/api.w.org\/{rel}","templated":true}]}}