{"id":12574,"date":"2025-02-03T19:43:08","date_gmt":"2025-02-03T18:43:08","guid":{"rendered":"https:\/\/serbenidorm.daliisolutions.com\/index.php\/2025\/02\/03\/nuria-montes-regresa-a-hosbec-tras-su-paso-por-la-politica\/"},"modified":"2025-02-03T19:43:08","modified_gmt":"2025-02-03T18:43:08","slug":"nuria-montes-regresa-a-hosbec-tras-su-paso-por-la-politica","status":"publish","type":"post","link":"https:\/\/serbenidorm.daliisolutions.com\/index.php\/2025\/02\/03\/nuria-montes-regresa-a-hosbec-tras-su-paso-por-la-politica\/","title":{"rendered":"Nuria Montes regresa a Hosbec tras su paso por la pol\u00edtica"},"content":{"rendered":"  <p><div data-adtype=\"MLDB\"><\/div><\/p>   <p>Benidorm<\/p>   <p>Nuria Montes ha regresado este lunes a la patronal hotelera Hosbec despu\u00e9s de su abrupto paso por la pol\u00edtica. La que era consellera de Innovaci\u00f3n, Industria, Comercio y Turismo <a href=\"https:\/\/cadenaser.com\/comunitat-valenciana\/2024\/11\/18\/mazon-cesa-a-nuria-montes-como-consellera-de-industria-y-turismo-por-sus-declaraciones-durante-la-dana-radio-valencia\/\" target=\"_blank\">fue cesada en noviembre por el presidente Carlos Maz\u00f3n<\/a> tras unas<a href=\"https:\/\/cadenaser.com\/nacional\/2024\/11\/01\/criticas-contra-de-la-consellera-de-turismo-por-la-forma-en-que-ha-comunicado-a-los-familiares-de-los-fallecidos-que-no-pueden-acceder-a-los-cuerpos-cadena-ser\/\" target=\"_blank\"> pol\u00e9micas declaraciones<\/a> sobre el acceso de las familias de las v\u00edctimas a la morgue instalada en Feria Valencia con motivo de la tr\u00e1gica DANA.<\/p>   <p>Aunque de momento se desconoce la posici\u00f3n que ocupa, la patronal ha indicado en un comunicado que el pr\u00f3ximo viernes la junta directiva aprobar\u00e1 la reorganizaci\u00f3n de la estructura org\u00e1nica. Su sucesora y actual secretaria general de Hosbec, Maite Garc\u00eda, ha explicado que Montes \u00abestaba en situaci\u00f3n de excedencia por cargo p\u00fablico\u00bb.<\/p>  <p><p>M\u00e1s informaci\u00f3n<\/p><figure><img loading=\"lazy\" decoding=\"async\" src=\"https:\/\/cadenaser.com\/resizer\/v2\/4XK74HPTPBHDDJDAFVWRDQKMBA.jpeg?auth=ec9b72c9dbde77e30db3ed7bae3fab8b25a310a722b3da3fa96415bb13c83e8e&amp;quality=70&amp;width=360&amp;height=202&amp;smart=true\" width=\"820\" height=\"621\" \/><\/figure><ul><li><a href=\"https:\/\/cadenaser.com\/comunitat-valenciana\/2025\/01\/31\/el-benidorm-fest-2025-en-cifras-ocupaciones-hoteleras-de-verano-bares-llenos-y-audiencias-internacionales-radio-benidorm\/\"><span>El Benidorm Fest 2025 en cifras: ocupaciones hoteleras de verano, bares llenos y audiencias internacionales<\/span><\/a><\/li><\/ul><\/p>   <p>En estos momentos, se\u00f1ala la organizaci\u00f3n empresarial, se \u00abest\u00e1 ultimando los detalles de nuevo organigrama del equipo que coordinar\u00e1 toda la direcci\u00f3n ejecutiva y administrativa de esta patronal y que se aprobar\u00e1 en la reuni\u00f3n de junta directiva prevista para finales de esta misma semana\u00bb.<\/p>   <p>Cabe as\u00ed la posibilidad de que ocupe su antiguo cargo en lugar de Garc\u00eda o incluso de que se cree un nuevo puesto &#8216;ad hoc&#8217; para este movimiento. Montes inici\u00f3 su relaci\u00f3n con la asociaci\u00f3n hotelera hace ya tres d\u00e9cadas y el presidente de esta, Fede Fuster, ya reconoci\u00f3 su periodo de trabajo en la Generalitat despu\u00e9s de ser destituida por Maz\u00f3n.<\/p>   <p>Un enero \u00abcaliente\u00bb para los hoteles de Benidorm<\/p>   <p>Hosbec tambi\u00e9n ha hecho p\u00fablicos este lunes los resultados de ocupaci\u00f3n hotelera durante enero reflejando un aumento del 2,4 % en Benidorm respecto al mismo mes del a\u00f1o pasado y hasta alcanzar un notable 68,4 % en pleno invierno.  Eventos como el campeonato del mundo de ciclocross o el Benidorm Fest permiten adem\u00e1s alcanzar estas cifras sin que se cierren tantos alojamientos como anta\u00f1o: m\u00e1s de 30.000 plazas hoteleras han estado disponibles en la ciudad en este inicio de 2025.<\/p>   <p>     .c-w{         max-width:444px;         width:100%;         margin:32px auto;      background:#00755E;         border-radius:4px;         display:flex;         align-items:center;         justify-content:center;     }     .c-w a{         display:flex;         align-items:center;         justify-content:center;         padding:4px 24px;     }     .c-w img{         width:24px;         margin-right:12px;     }     .c-w p{         font:18px\/25px Poppins;         text-align:center;         color:#fff;         margin:0;     }     @media (max-width:444px){         .c-w a{             padding:4px 12px;         }         .c-w img{             width:24px;             margin-right:8px;         }         .c-w p{             font:14px\/25px Poppins;         }     }     @media (max-width:335px){         .c-w p{             font:13px\/25px Poppins;         }     }  <div class=\"c-w\">     <a href=\"https:\/\/www.whatsapp.com\/channel\/0029Va633PF9WtC4l7XUzh1e\" rel=\"nofollow\" target=\"_blank\">         <img decoding=\"async\" src=\"https:\/\/cadenaser.com\/estaticos\/recursosgraficos\/responsive\/img\/ico-whatsapp.svg\" alt=\"Whatsapp\">         <p>\u00danete al <b>canal de WhatsApp<\/b> de la SER<\/p>     <\/a> <\/div><\/p> ","protected":false},"excerpt":{"rendered":"<p>La patronal hotelera no concreta su cargo a la espera de que la junta directiva apruebe el viernes la reorganizaci\u00f3n<\/p>\n","protected":false},"author":0,"featured_media":12575,"comment_status":"open","ping_status":"open","sticky":false,"template":"","format":"standard","meta":{"_acf_changed":false,"footnotes":""},"categories":[1],"tags":[],"class_list":["post-12574","post","type-post","status-publish","format-standard","has-post-thumbnail","hentry","category-sin-categoria"],"acf":{"ser_id":"ZUEDUAISLNHENDRYLU4N36V4YE","ser_url":"https:\/\/cadenaser.com\/comunitat-valenciana\/2025\/02\/03\/nuria-montes-regresa-a-hosbec-tras-su-paso-por-la-politica-radio-benidorm\/"},"_links":{"self":[{"href":"https:\/\/serbenidorm.daliisolutions.com\/index.php\/wp-json\/wp\/v2\/posts\/12574","targetHints":{"allow":["GET"]}}],"collection":[{"href":"https:\/\/serbenidorm.daliisolutions.com\/index.php\/wp-json\/wp\/v2\/posts"}],"about":[{"href":"https:\/\/serbenidorm.daliisolutions.com\/index.php\/wp-json\/wp\/v2\/types\/post"}],"replies":[{"embeddable":true,"href":"https:\/\/serbenidorm.daliisolutions.com\/index.php\/wp-json\/wp\/v2\/comments?post=12574"}],"version-history":[{"count":0,"href":"https:\/\/serbenidorm.daliisolutions.com\/index.php\/wp-json\/wp\/v2\/posts\/12574\/revisions"}],"wp:featuredmedia":[{"embeddable":true,"href":"https:\/\/serbenidorm.daliisolutions.com\/index.php\/wp-json\/wp\/v2\/media\/12575"}],"wp:attachment":[{"href":"https:\/\/serbenidorm.daliisolutions.com\/index.php\/wp-json\/wp\/v2\/media?parent=12574"}],"wp:term":[{"taxonomy":"category","embeddable":true,"href":"https:\/\/serbenidorm.daliisolutions.com\/index.php\/wp-json\/wp\/v2\/categories?post=12574"},{"taxonomy":"post_tag","embeddable":true,"href":"https:\/\/serbenidorm.daliisolutions.com\/index.php\/wp-json\/wp\/v2\/tags?post=12574"}],"curies":[{"name":"wp","href":"https:\/\/api.w.org\/{rel}","templated":true}]}}