{"id":12576,"date":"2025-02-03T19:43:11","date_gmt":"2025-02-03T18:43:11","guid":{"rendered":"https:\/\/serbenidorm.daliisolutions.com\/index.php\/2025\/02\/03\/premio-radio-benidorm-al-medio-ambiente-consorci-mare\/"},"modified":"2025-02-03T19:43:11","modified_gmt":"2025-02-03T18:43:11","slug":"premio-radio-benidorm-al-medio-ambiente-consorci-mare","status":"publish","type":"post","link":"https:\/\/serbenidorm.daliisolutions.com\/index.php\/2025\/02\/03\/premio-radio-benidorm-al-medio-ambiente-consorci-mare\/","title":{"rendered":"Premio Radio Benidorm al Medio Ambiente: Consorci Mare"},"content":{"rendered":"  <p><div data-adtype=\"MLDB\"><\/div><\/p>   <p>Benidorm<\/p>   <p>El Consorci Mare recibir\u00e1 este a\u00f1o el Premio Radio Benidorm SER al Medio Ambiente. <\/p>   <p>El jurado de los premios ha decidido que el Consorci Mare es merecedor de la distinci\u00f3n por duplicar la red de ecoparques m\u00f3viles existente en los 52 municipios de la Marina Baixa, la Marina Alta y el Campello consorciados fomentando el reciclaje y su amplio abanico de iniciativas destinadas a sensibilizar a la poblaci\u00f3n sobre la importancia de cuidar nuestro entorno.<\/p>   <p>La entidad ha logrado que m\u00e1s de 3.300 vecinos se registren en su nueva plataforma digital de ecoparques m\u00f3viles, un avance que comenz\u00f3 el verano pasado con la informatizaci\u00f3n de las instalaciones.<\/p>   <p>El presidente del Consorci Mare, Jos\u00e9 Ram\u00f3n Gonz\u00e1lez de Z\u00e1rate ha estado en <a href=\"https:\/\/radiobenidorm.es\" target=\"_blank\" rel=\"nofollow\" title=\"https:\/\/radiobenidorm.es\">Hoy por Hoy Benidorm<\/a> y ha recordado que, adem\u00e1s de la gesti\u00f3n de residuos, <a href=\"https:\/\/cadenaser.com\/comunitat-valenciana\/2024\/12\/26\/el-consorci-mare-premiara-a-quienes-mas-reciclen-y-lo-documente-a-traves-de-una-aplicacion-movil-radio-benidorm\/\" target=\"_blank\" rel=\"nofollow\" title=\"https:\/\/cadenaser.com\/comunitat-valenciana\/2024\/12\/26\/el-consorci-mare-premiara-a-quienes-mas-reciclen-y-lo-documente-a-traves-de-una-aplicacion-movil-radio-benidorm\/\">el Consorci tiene un importante componente medioambiental informativo y formativo.<\/a> \u00abDesde mayo, que entr\u00f3 en funcionamiento, hasta diciembre, han pasado m\u00e1s de 7.000 ni\u00f1os por la planta de El Campello para conocer lo que all\u00ed se hace, pero es que, adem\u00e1s, hemos dado charlas en colegios que han llegado a m\u00e1s de 3.000 ni\u00f1os y eso es fundamental\u00bb, indica.<\/p>   <p>Tambi\u00e9n ha adelantado que ya ha echado a andar y \u00abpodr\u00edamos tener una peque\u00f1a parte terminada este a\u00f1o\u00bb el proyecto del Bosque Consorcio Mare. \u00abSer\u00e1 una zona de ocio y esparcimiento que se pondr\u00e1 a disposici\u00f3n de todos los municipios consorciados\u00bb, a\u00f1ade.<\/p>   <p>     .c-w{         max-width:444px;         width:100%;         margin:32px auto;      background:#00755E;         border-radius:4px;         display:flex;         align-items:center;         justify-content:center;     }     .c-w a{         display:flex;         align-items:center;         justify-content:center;         padding:4px 24px;     }     .c-w img{         width:24px;         margin-right:12px;     }     .c-w p{         font:18px\/25px Poppins;         text-align:center;         color:#fff;         margin:0;     }     @media (max-width:444px){         .c-w a{             padding:4px 12px;         }         .c-w img{             width:24px;             margin-right:8px;         }         .c-w p{             font:14px\/25px Poppins;         }     }     @media (max-width:335px){         .c-w p{             font:13px\/25px Poppins;         }     }  <div class=\"c-w\">     <a href=\"https:\/\/www.whatsapp.com\/channel\/0029Va633PF9WtC4l7XUzh1e\" rel=\"nofollow\" target=\"_blank\">         <img decoding=\"async\" src=\"https:\/\/cadenaser.com\/estaticos\/recursosgraficos\/responsive\/img\/ico-whatsapp.svg\" alt=\"Whatsapp\">         <p>\u00danete al <b>canal de WhatsApp<\/b> de la SER<\/p>     <\/a> <\/div><\/p>   <p>Se trata de una zona de ocio que se habilitar\u00e1 sobre las zonas selladas de vertedero, renaturalizando espacio, plantando arbolado aut\u00f3ctono y recuper\u00e1ndolo para el ciudadano. \u00abMa\u00f1ana mismo comenzamos con el movimiento de tierras y este bosque tendr\u00e1 52 zonas, una para cada una de los municipios\u00bb, explica.<\/p>   <p>Los Premios Radio Benidorm SER se entregar\u00e1n el martes 18 de febrero a las 19.00 horas. <\/p> ","protected":false},"excerpt":{"rendered":"<p>Jos\u00e9 Ram\u00f3n Gonz\u00e1lez de Z\u00e1rate es presidente del Consorci Mare<\/p>\n","protected":false},"author":0,"featured_media":12577,"comment_status":"open","ping_status":"open","sticky":false,"template":"","format":"standard","meta":{"_acf_changed":false,"footnotes":""},"categories":[1],"tags":[],"class_list":["post-12576","post","type-post","status-publish","format-standard","has-post-thumbnail","hentry","category-sin-categoria"],"acf":{"ser_id":"4DZBVV7N6NDKZPGSPEZ3XKVHCM","ser_url":"https:\/\/cadenaser.com\/comunitat-valenciana\/2025\/02\/03\/premio-radio-benidorm-ser-al-medio-ambiente-consorci-mare-radio-benidorm\/"},"_links":{"self":[{"href":"https:\/\/serbenidorm.daliisolutions.com\/index.php\/wp-json\/wp\/v2\/posts\/12576","targetHints":{"allow":["GET"]}}],"collection":[{"href":"https:\/\/serbenidorm.daliisolutions.com\/index.php\/wp-json\/wp\/v2\/posts"}],"about":[{"href":"https:\/\/serbenidorm.daliisolutions.com\/index.php\/wp-json\/wp\/v2\/types\/post"}],"replies":[{"embeddable":true,"href":"https:\/\/serbenidorm.daliisolutions.com\/index.php\/wp-json\/wp\/v2\/comments?post=12576"}],"version-history":[{"count":0,"href":"https:\/\/serbenidorm.daliisolutions.com\/index.php\/wp-json\/wp\/v2\/posts\/12576\/revisions"}],"wp:featuredmedia":[{"embeddable":true,"href":"https:\/\/serbenidorm.daliisolutions.com\/index.php\/wp-json\/wp\/v2\/media\/12577"}],"wp:attachment":[{"href":"https:\/\/serbenidorm.daliisolutions.com\/index.php\/wp-json\/wp\/v2\/media?parent=12576"}],"wp:term":[{"taxonomy":"category","embeddable":true,"href":"https:\/\/serbenidorm.daliisolutions.com\/index.php\/wp-json\/wp\/v2\/categories?post=12576"},{"taxonomy":"post_tag","embeddable":true,"href":"https:\/\/serbenidorm.daliisolutions.com\/index.php\/wp-json\/wp\/v2\/tags?post=12576"}],"curies":[{"name":"wp","href":"https:\/\/api.w.org\/{rel}","templated":true}]}}