{"id":12583,"date":"2025-02-04T08:00:19","date_gmt":"2025-02-04T07:00:19","guid":{"rendered":"https:\/\/serbenidorm.daliisolutions.com\/index.php\/2025\/02\/04\/la-copa-del-mundo-de-ciclocross-volvera-a-benidorm-en-2026\/"},"modified":"2025-02-04T08:00:19","modified_gmt":"2025-02-04T07:00:19","slug":"la-copa-del-mundo-de-ciclocross-volvera-a-benidorm-en-2026","status":"publish","type":"post","link":"https:\/\/serbenidorm.daliisolutions.com\/index.php\/2025\/02\/04\/la-copa-del-mundo-de-ciclocross-volvera-a-benidorm-en-2026\/","title":{"rendered":"La Copa del Mundo de ciclocross volver\u00e1 a Benidorm en 2026"},"content":{"rendered":"  <p><div data-adtype=\"MLDB\"><\/div><\/p>   <p>Benidorm<\/p>   <p>En el mismo d\u00eda en el que la patronal hotelera Hosbec anunciaba su balance de un mes de enero hist\u00f3rico para el turismo, uno de los grandes motores de esa buena marcha de la principal industria de la ciudad de Benidorm y del resto de la Costa Blanca, la prueba de la Copa del Mundo de ciclocross que desde hace ya tres a\u00f1os recala cada tercer fin de semana de enero en los parques de El Moralet y Foietes, ha visto confirmada su presencia en el calendario de la temporada 2025-2026. As\u00ed lo ha confirmado la propia Uni\u00f3n Ciclista Internacional (UCI) en el marco de la celebraci\u00f3n en Li\u00e8vin (Francia) del Mundial de la especialidad invernal del ciclismo.<\/p>   <p>El pasado d\u00eda 19 de enero los triunfos de Fem van Empel y Thibau Nys fuerono seguidos por algo m\u00e1s de 16.000 espectadores en el circuito de Benidorm. Todos ellos, unidos al cerca de medio millar de participantes (m\u00e1s sus acompa\u00f1antes) del BenidormCX, la cita reservada para las pruebas de categor\u00eda nacional tanto para la base como para los M\u00e1ster del s\u00e1bado d\u00eda 18, elevaron la ocupaci\u00f3n hotelera de Benidorm por encima del 85%, por lo que tanto la ciudad como la propia organizaci\u00f3n del evento ya mostraron su firma compromiso con la continuidad del evento.<\/p>   <p><b>Mundial de 2029<\/b><\/p>   <p>Mientras que Benidorm, RTVE y Generalitat Valenciana todav\u00eda no han anunciado de forma oficial su acuerdo para mantener el certamen eurovisivo en la ciudad (se da por hecho, tras las declaraciones de unos y otros, que se trata ya de un mero tr\u00e1mite); la que s\u00ed tiene asegurada su continuidad es esa Copa del Mundo de Benidorm.<\/p>   <p>De hecho, su presencia en El Moralet y Foietes parece garantizada, como m\u00ednimo, hasta 2029 ya que tal y como ya informara Radio Benidorm-SER en su momento, en el anhelo de los responsables pol\u00edticos de la capital tur\u00edstica como de los organizadores (y, al menos as\u00ed lo aseguran en privado, de los dirigentes de la UCI) est\u00e1 poder organizar el Campeonato del Mundo en ese a\u00f1o, algo para lo que la visita anual de la Copa del Mundo es una condici\u00f3n casi indispensable.<\/p>   <p><b>Doce pruebas<\/b><\/p>   <p>En cuanto a lo meramente deportivo, la Copa del Mundo de ciclocross volver\u00e1 a estar compuesta de doce pruebas, aunque con algunos cambios significativos. As\u00ed las cosas, el espect\u00e1culo arrancar\u00e1 el d\u00eda 23 de noviembre en T\u00e1bor (Rep\u00fablica Checa), una parada hist\u00f3rica que no hab\u00eda formado parte del m\u00e1s elitista de los torneos desde 2022 y que, por lo tanto, vuelve al mismo tres a\u00f1os despu\u00e9s. Adem\u00e1s, el d\u00eda 1 de diciembre el circuito franc\u00e9s de Flammanville regresa a la Copa del Mundo en sustituci\u00f3n de Besan\u00e7on en esa costumbre del pa\u00eds galo de ir alternando sus sedes.<\/p>   <p>     .c-w{         max-width:444px;         width:100%;         margin:32px auto;      background:#00755E;         border-radius:4px;         display:flex;         align-items:center;         justify-content:center;     }     .c-w a{         display:flex;         align-items:center;         justify-content:center;         padding:4px 24px;     }     .c-w img{         width:24px;         margin-right:12px;     }     .c-w p{         font:18px\/25px Poppins;         text-align:center;         color:#fff;         margin:0;     }     @media (max-width:444px){         .c-w a{             padding:4px 12px;         }         .c-w img{             width:24px;             margin-right:8px;         }         .c-w p{             font:14px\/25px Poppins;         }     }     @media (max-width:335px){         .c-w p{             font:13px\/25px Poppins;         }     }  <div class=\"c-w\">     <a href=\"https:\/\/www.whatsapp.com\/channel\/0029Va633PF9WtC4l7XUzh1e\" rel=\"nofollow\" target=\"_blank\">         <img decoding=\"async\" src=\"https:\/\/cadenaser.com\/estaticos\/recursosgraficos\/responsive\/img\/ico-whatsapp.svg\" alt=\"Whatsapp\">         <p>\u00danete al <b>canal de WhatsApp<\/b> de la SER<\/p>     <\/a> <\/div><\/p>   <p>Poco despu\u00e9s, el 7 de diciembre, ser\u00e1 la segunda oportunidad para Cabras (Italia), la prueba que este a\u00f1o tuvo que ser suspendida por el temporal que azot\u00f3 la regi\u00f3n y que provoc\u00f3 da\u00f1os irrecuperables en el circuito a menos de 24 horas de la celebraci\u00f3n de la carrera.<\/p>   <p>Despu\u00e9s, llegar\u00e1 un largo periplo sin salir de tierras belgas coincidente, como no, con la siempre importante y exigente gira navide\u00f1a: Namur (14 de diciembre), Amberes (20 de diciembre), Gavere (26 de diciembre), Dendermonde (28 de diciembre) y Zonhoven (4 de enero).<\/p>   <p>La UCI, en cualquier caso, se ha reservado todav\u00eda la opci\u00f3n de colocar una carrera m\u00e1s el domingo 21 de diciembre. En principio, deber\u00eda ser la de Dubl\u00edn (donde Felipe Orts consigui\u00f3 el podio este a\u00f1o), pero su lejan\u00eda con Amberes (donde se corre el s\u00e1bado) hace que esta opci\u00f3n haya perdido fuerza.<\/p>   <p>Despu\u00e9s de esa larga estancia en B\u00e9lgica llegar\u00e1 el momento del viaje a Benidorm, donde el pelot\u00f3n internacional desembarcar\u00e1 el 18 de enero, manteniendo as\u00ed intacto su hueco en el calendario. Desde El Moralet, el \u2018circo\u2019 de la Copa del Mundo viajar\u00e1 de nuevo a B\u00e9lgica para recalar en Maasmechelen (24 de enero) y cerrar la competici\u00f3n, como es tradicional, en Pa\u00edses Bajos con la disputa de la puntuable de Hoogerheide (25 de enero).<\/p> ","protected":false},"excerpt":{"rendered":"<p>Con ocupaciones de m\u00e1s del 85% es, junto al todav\u00eda no confirmado Benidorm Fest, el motor tur\u00edstico de enero<\/p>\n","protected":false},"author":0,"featured_media":12584,"comment_status":"open","ping_status":"open","sticky":false,"template":"","format":"standard","meta":{"_acf_changed":false,"footnotes":""},"categories":[16],"tags":[],"class_list":["post-12583","post","type-post","status-publish","format-standard","has-post-thumbnail","hentry","category-deportes"],"acf":{"ser_id":"FOK7G6RM25DKNBGDOWSCHN3UNI","ser_url":"https:\/\/cadenaser.com\/comunitat-valenciana\/2025\/02\/03\/la-copa-del-mundo-de-ciclocross-volvera-a-benidorm-en-2026-radio-benidorm\/"},"_links":{"self":[{"href":"https:\/\/serbenidorm.daliisolutions.com\/index.php\/wp-json\/wp\/v2\/posts\/12583","targetHints":{"allow":["GET"]}}],"collection":[{"href":"https:\/\/serbenidorm.daliisolutions.com\/index.php\/wp-json\/wp\/v2\/posts"}],"about":[{"href":"https:\/\/serbenidorm.daliisolutions.com\/index.php\/wp-json\/wp\/v2\/types\/post"}],"replies":[{"embeddable":true,"href":"https:\/\/serbenidorm.daliisolutions.com\/index.php\/wp-json\/wp\/v2\/comments?post=12583"}],"version-history":[{"count":0,"href":"https:\/\/serbenidorm.daliisolutions.com\/index.php\/wp-json\/wp\/v2\/posts\/12583\/revisions"}],"wp:featuredmedia":[{"embeddable":true,"href":"https:\/\/serbenidorm.daliisolutions.com\/index.php\/wp-json\/wp\/v2\/media\/12584"}],"wp:attachment":[{"href":"https:\/\/serbenidorm.daliisolutions.com\/index.php\/wp-json\/wp\/v2\/media?parent=12583"}],"wp:term":[{"taxonomy":"category","embeddable":true,"href":"https:\/\/serbenidorm.daliisolutions.com\/index.php\/wp-json\/wp\/v2\/categories?post=12583"},{"taxonomy":"post_tag","embeddable":true,"href":"https:\/\/serbenidorm.daliisolutions.com\/index.php\/wp-json\/wp\/v2\/tags?post=12583"}],"curies":[{"name":"wp","href":"https:\/\/api.w.org\/{rel}","templated":true}]}}