{"id":12585,"date":"2025-02-04T08:00:21","date_gmt":"2025-02-04T07:00:21","guid":{"rendered":"https:\/\/serbenidorm.daliisolutions.com\/index.php\/2025\/02\/04\/el-mejor-boxeo-se-da-cita-en-la-ciutat-esportiva-camilo-cano-de-la-nucia\/"},"modified":"2025-02-04T08:00:21","modified_gmt":"2025-02-04T07:00:21","slug":"el-mejor-boxeo-se-da-cita-en-la-ciutat-esportiva-camilo-cano-de-la-nucia","status":"publish","type":"post","link":"https:\/\/serbenidorm.daliisolutions.com\/index.php\/2025\/02\/04\/el-mejor-boxeo-se-da-cita-en-la-ciutat-esportiva-camilo-cano-de-la-nucia\/","title":{"rendered":"El mejor boxeo se da cita en la Ciutat Esportiva Camilo Cano de La Nuc\u00eda"},"content":{"rendered":"  <p><div data-adtype=\"MLDB\"><\/div><\/p>   <p>Benidorm<\/p>   <p>El Pabell\u00f3n Muixara de La Nuc\u00eda se convierte en el epicentro del boxeo internacional esta semana con la celebraci\u00f3n del Torneo Boxam Internacional \u00c9lite 2025, un evento que re\u00fane a 200 boxeadores de 20 pa\u00edses, incluyendo campeones mundiales y atletas ol\u00edmpicos. Como gran novedad, esta edici\u00f3n contar\u00e1 con la participaci\u00f3n de deportistas de China, Kazajist\u00e1n, Kirguist\u00e1n y Palestina, fortaleciendo a\u00fan m\u00e1s la proyecci\u00f3n global del torneo.<\/p>   <p><b>Cinco d\u00edas de combates de alto nivel<\/b><\/p>   <p>La competici\u00f3n arrancar\u00e1 ma\u00f1ana martes, 4 de febrero, con la ceremonia de inauguraci\u00f3n a las 16:00 horas, seguida de la primera jornada de combates. El torneo se extender\u00e1 hasta el 8 de febrero con horarios de competici\u00f3n de 16:00 a 20:00 horas cada d\u00eda. La entrada ser\u00e1 libre y gratuita, permitiendo a los aficionados disfrutar del mejor boxeo internacional sin coste alguno.<\/p>   <p>Este torneo, organizado por la Real Federaci\u00f3n Espa\u00f1ola de Boxeo y la European Boxing Confederation (EUBC), cuenta con el respaldo de instituciones como la Fundaci\u00f3n Trinidad Alfonso-Comunitat de l\u2019Esport, la Generalitat Valenciana, la Diputaci\u00f3n de Alicante, el Consejo Superior de Deportes, el Comit\u00e9 Ol\u00edmpico Espa\u00f1ol y el Ayuntamiento de La Nuc\u00eda. En la presentaci\u00f3n oficial del evento estuvieron presentes Felipe Mart\u00ednez, presidente de la Federaci\u00f3n Espa\u00f1ola de Boxeo, y Bernab\u00e9 Cano, alcalde de La Nuc\u00eda.<\/p>   <p><b>La \u00e9lite del boxeo internacional en La Nuc\u00eda<\/b><\/p>   <p>Durante los cinco d\u00edas de competici\u00f3n, el torneo acoger\u00e1 un total de 183 combates entre deportistas de pa\u00edses como Palestina, Kazajist\u00e1n, Afganist\u00e1n, China, Ucrania, Georgia, Inglaterra, Kirguist\u00e1n, Gales, Ecuador, Eslovaquia, Ruman\u00eda, Hungr\u00eda, Bulgaria, Bangladesh, Moldavia, Estonia, Portugal y Espa\u00f1a.<\/p>   <p>El equipo espa\u00f1ol estar\u00e1 representado por algunos de sus mejores p\u00fagiles, incluyendo a Rafael Lozano Serrano, Mart\u00edn Molina Salvador, Sergio Mart\u00ednez, Oier Ibarreche, Marta L\u00f3pez del \u00c1rbol y Laura Fuertes, quien hizo historia como la primera mujer espa\u00f1ola en competir en unos Juegos Ol\u00edmpicos de boxeo en Par\u00eds 2024.<\/p>   <p>     .c-w{         max-width:444px;         width:100%;         margin:32px auto;      background:#00755E;         border-radius:4px;         display:flex;         align-items:center;         justify-content:center;     }     .c-w a{         display:flex;         align-items:center;         justify-content:center;         padding:4px 24px;     }     .c-w img{         width:24px;         margin-right:12px;     }     .c-w p{         font:18px\/25px Poppins;         text-align:center;         color:#fff;         margin:0;     }     @media (max-width:444px){         .c-w a{             padding:4px 12px;         }         .c-w img{             width:24px;             margin-right:8px;         }         .c-w p{             font:14px\/25px Poppins;         }     }     @media (max-width:335px){         .c-w p{             font:13px\/25px Poppins;         }     }  <div class=\"c-w\">     <a href=\"https:\/\/www.whatsapp.com\/channel\/0029Va633PF9WtC4l7XUzh1e\" rel=\"nofollow\" target=\"_blank\">         <img decoding=\"async\" src=\"https:\/\/cadenaser.com\/estaticos\/recursosgraficos\/responsive\/img\/ico-whatsapp.svg\" alt=\"Whatsapp\">         <p>\u00danete al <b>canal de WhatsApp<\/b> de la SER<\/p>     <\/a> <\/div><\/p> ","protected":false},"excerpt":{"rendered":"<p>El BoxAm Internacional reunir\u00e1 a 200 p\u00fagiles de una veintena de pa\u00edses<\/p>\n","protected":false},"author":0,"featured_media":12586,"comment_status":"open","ping_status":"open","sticky":false,"template":"","format":"standard","meta":{"_acf_changed":false,"footnotes":""},"categories":[16],"tags":[],"class_list":["post-12585","post","type-post","status-publish","format-standard","has-post-thumbnail","hentry","category-deportes"],"acf":{"ser_id":"AI2RUZYNNNHXFHCQUDQDEFCOGA","ser_url":"https:\/\/cadenaser.com\/comunitat-valenciana\/2025\/02\/03\/el-mejor-boxeo-se-da-cita-en-la-ciutat-esportiva-camilo-cano-de-la-nucia-radio-benidorm\/"},"_links":{"self":[{"href":"https:\/\/serbenidorm.daliisolutions.com\/index.php\/wp-json\/wp\/v2\/posts\/12585","targetHints":{"allow":["GET"]}}],"collection":[{"href":"https:\/\/serbenidorm.daliisolutions.com\/index.php\/wp-json\/wp\/v2\/posts"}],"about":[{"href":"https:\/\/serbenidorm.daliisolutions.com\/index.php\/wp-json\/wp\/v2\/types\/post"}],"replies":[{"embeddable":true,"href":"https:\/\/serbenidorm.daliisolutions.com\/index.php\/wp-json\/wp\/v2\/comments?post=12585"}],"version-history":[{"count":0,"href":"https:\/\/serbenidorm.daliisolutions.com\/index.php\/wp-json\/wp\/v2\/posts\/12585\/revisions"}],"wp:featuredmedia":[{"embeddable":true,"href":"https:\/\/serbenidorm.daliisolutions.com\/index.php\/wp-json\/wp\/v2\/media\/12586"}],"wp:attachment":[{"href":"https:\/\/serbenidorm.daliisolutions.com\/index.php\/wp-json\/wp\/v2\/media?parent=12585"}],"wp:term":[{"taxonomy":"category","embeddable":true,"href":"https:\/\/serbenidorm.daliisolutions.com\/index.php\/wp-json\/wp\/v2\/categories?post=12585"},{"taxonomy":"post_tag","embeddable":true,"href":"https:\/\/serbenidorm.daliisolutions.com\/index.php\/wp-json\/wp\/v2\/tags?post=12585"}],"curies":[{"name":"wp","href":"https:\/\/api.w.org\/{rel}","templated":true}]}}