{"id":12587,"date":"2025-02-04T08:00:27","date_gmt":"2025-02-04T07:00:27","guid":{"rendered":"https:\/\/serbenidorm.daliisolutions.com\/index.php\/2025\/02\/04\/el-servigroup-playas-de-benidorm-se-acerca-un-poco-mas-a-la-fase-de-ascenso\/"},"modified":"2025-02-04T08:00:27","modified_gmt":"2025-02-04T07:00:27","slug":"el-servigroup-playas-de-benidorm-se-acerca-un-poco-mas-a-la-fase-de-ascenso","status":"publish","type":"post","link":"https:\/\/serbenidorm.daliisolutions.com\/index.php\/2025\/02\/04\/el-servigroup-playas-de-benidorm-se-acerca-un-poco-mas-a-la-fase-de-ascenso\/","title":{"rendered":"El Servigroup Playas de Benidorm se acerca un poco m\u00e1s a la fase de ascenso"},"content":{"rendered":"  <p><div data-adtype=\"MLDB\"><\/div><\/p>   <p>Benidorm<\/p>   <p>El equipo masculino del Servigroup Playas de Benidorm ha dejado atr\u00e1s cualquier duda tras su tropiezo ante el Legan\u00e9s y ha firmado un triunfo contundente en tierras canarias. Con una victoria por 0-3 y parciales de 13-25, 18-25 y 23-25, los de Adriano Lamb cierran su periplo de dos jornadas como visitantes con un balance positivo.<\/p>   <p>Este resultado, sumado a la derrota del Villena-Petrer por 0-3 ante Legan\u00e9s, convierte la 14\u00aa jornada de la Superliga 2 en un escenario inmejorable para los benidormenses.<\/p>   <p>Con los tres puntos obtenidos, el Playas de Benidorm mantiene su liderato con cuatro puntos de ventaja sobre Legan\u00e9s y ampl\u00eda su colch\u00f3n sobre el tercer clasificado, el Villena-Petrer, a diez puntos. Esta diferencia deja pr\u00e1cticamente encarrilada su clasificaci\u00f3n para la fase de ascenso a la Superliga masculina.<\/p>   <p><b>Suerte dispar en la Superliga Femenina 2<\/b><\/p>   <p>En la categor\u00eda femenina, la Marina Baixa vivi\u00f3 emociones contrapuestas. El Playas de Benidorm logr\u00f3 un s\u00f3lido triunfo a domicilio ante el Paterna por 0-3, con parciales de 20-25, 19-25 y 22-25.<\/p>   <p>Las jugadoras dirigidas por Noelia Santacreu contin\u00faan su excelente racha y siguen de cerca al tercer clasificado, el Mairena. No obstante, las sevillanas no fallaron en su visita a Finestrat, donde se impusieron por 1-3.<\/p>   <p>     .c-w{         max-width:444px;         width:100%;         margin:32px auto;      background:#00755E;         border-radius:4px;         display:flex;         align-items:center;         justify-content:center;     }     .c-w a{         display:flex;         align-items:center;         justify-content:center;         padding:4px 24px;     }     .c-w img{         width:24px;         margin-right:12px;     }     .c-w p{         font:18px\/25px Poppins;         text-align:center;         color:#fff;         margin:0;     }     @media (max-width:444px){         .c-w a{             padding:4px 12px;         }         .c-w img{             width:24px;             margin-right:8px;         }         .c-w p{             font:14px\/25px Poppins;         }     }     @media (max-width:335px){         .c-w p{             font:13px\/25px Poppins;         }     }  <div class=\"c-w\">     <a href=\"https:\/\/www.whatsapp.com\/channel\/0029Va633PF9WtC4l7XUzh1e\" rel=\"nofollow\" target=\"_blank\">         <img decoding=\"async\" src=\"https:\/\/cadenaser.com\/estaticos\/recursosgraficos\/responsive\/img\/ico-whatsapp.svg\" alt=\"Whatsapp\">         <p>\u00danete al <b>canal de WhatsApp<\/b> de la SER<\/p>     <\/a> <\/div><\/p> ","protected":false},"excerpt":{"rendered":"<p>Los de Adriano Lamb sumaron tres puntos cruciales tras el tropiezo del Villena-Petrer ante el Legan\u00e9s<\/p>\n","protected":false},"author":0,"featured_media":12588,"comment_status":"open","ping_status":"open","sticky":false,"template":"","format":"standard","meta":{"_acf_changed":false,"footnotes":""},"categories":[16],"tags":[],"class_list":["post-12587","post","type-post","status-publish","format-standard","has-post-thumbnail","hentry","category-deportes"],"acf":{"ser_id":"OEGR4SVDR5BELILG7UOI2AYZPU","ser_url":"https:\/\/cadenaser.com\/comunitat-valenciana\/2025\/02\/03\/el-servigroup-playas-de-benidorm-se-acerca-un-poco-mas-a-la-fase-de-ascenso-radio-benidorm\/"},"_links":{"self":[{"href":"https:\/\/serbenidorm.daliisolutions.com\/index.php\/wp-json\/wp\/v2\/posts\/12587","targetHints":{"allow":["GET"]}}],"collection":[{"href":"https:\/\/serbenidorm.daliisolutions.com\/index.php\/wp-json\/wp\/v2\/posts"}],"about":[{"href":"https:\/\/serbenidorm.daliisolutions.com\/index.php\/wp-json\/wp\/v2\/types\/post"}],"replies":[{"embeddable":true,"href":"https:\/\/serbenidorm.daliisolutions.com\/index.php\/wp-json\/wp\/v2\/comments?post=12587"}],"version-history":[{"count":0,"href":"https:\/\/serbenidorm.daliisolutions.com\/index.php\/wp-json\/wp\/v2\/posts\/12587\/revisions"}],"wp:featuredmedia":[{"embeddable":true,"href":"https:\/\/serbenidorm.daliisolutions.com\/index.php\/wp-json\/wp\/v2\/media\/12588"}],"wp:attachment":[{"href":"https:\/\/serbenidorm.daliisolutions.com\/index.php\/wp-json\/wp\/v2\/media?parent=12587"}],"wp:term":[{"taxonomy":"category","embeddable":true,"href":"https:\/\/serbenidorm.daliisolutions.com\/index.php\/wp-json\/wp\/v2\/categories?post=12587"},{"taxonomy":"post_tag","embeddable":true,"href":"https:\/\/serbenidorm.daliisolutions.com\/index.php\/wp-json\/wp\/v2\/tags?post=12587"}],"curies":[{"name":"wp","href":"https:\/\/api.w.org\/{rel}","templated":true}]}}