{"id":12589,"date":"2025-02-04T08:00:28","date_gmt":"2025-02-04T07:00:28","guid":{"rendered":"https:\/\/serbenidorm.daliisolutions.com\/index.php\/2025\/02\/04\/felipe-orts-roza-el-top10-en-el-mundial-de-lievin\/"},"modified":"2025-02-04T08:00:28","modified_gmt":"2025-02-04T07:00:28","slug":"felipe-orts-roza-el-top10-en-el-mundial-de-lievin","status":"publish","type":"post","link":"https:\/\/serbenidorm.daliisolutions.com\/index.php\/2025\/02\/04\/felipe-orts-roza-el-top10-en-el-mundial-de-lievin\/","title":{"rendered":"Felipe Orts roza el top10 en el Mundial de Li\u00e8vin"},"content":{"rendered":"  <p><div data-adtype=\"MLDB\"><\/div><\/p>   <p>Benidorm<\/p>   <p>Felipe Orts ha vuelto a demostrar su gran nivel en el Campeonato del Mundo de ciclocross disputado en Li\u00e8vin, donde ha finalizado en una destacada 12\u00aa posici\u00f3n. El de La Vila Joiosa, que realiz\u00f3 una gran salida coloc\u00e1ndose entre los cinco mejores, pele\u00f3 hasta el final por entrar en el top10, qued\u00e1ndose a poco m\u00e1s de quince segundos de lograrlo.<\/p>   <p>La carrera \u00e9lite masculina estuvo marcada por el dominio absoluto de Mathieu Van der Poel, que se llev\u00f3 el t\u00edtulo mundial con una exhibici\u00f3n de principio a fin. Wout Van Aert y Thibau Nys completaron el podio en una prueba de alt\u00edsimo nivel donde Orts demostr\u00f3 su capacidad para competir contra los mejores del mundo.<\/p>   <p>El espa\u00f1ol protagoniz\u00f3 un primer giro excelente, mostrando su explosividad y habilidad en el trazado franc\u00e9s. Sin embargo, con el paso de las vueltas, fue perdiendo algo de ritmo y cediendo posiciones hasta asentarse en la duod\u00e9cima plaza, un resultado que refuerza su estatus dentro de la \u00e9lite del ciclocross mundial. \u201cLa primera vuelta he ido genial. Despu\u00e9s lo he pagado un poco y he tenido algunos fallos y he perdido bastantes posiciones. Estar el 12 en un Mundial hay que valorarlo y mirarlo positivamente\u201d, declar\u00f3 Orts tras la carrera.<\/p>   <p>Con este gran resultado, el corredor de La Vila Joiosa cierra su participaci\u00f3n en el Mundial con buenas sensaciones y encara las \u00faltimas cinco carreras de la temporada con la confianza de haber estado muy cerca del objetivo del top10. Tras ello, llegar\u00e1 el merecido descanso antes de preparar nuevos retos en la siguiente campa\u00f1a.<\/p> ","protected":false},"excerpt":{"rendered":"<p>El 12\u00ba lugar del vilero es su segundo mejor resultado hist\u00f3rico en el Campeonato del Mundo \u00c9lite<\/p>\n","protected":false},"author":0,"featured_media":12590,"comment_status":"open","ping_status":"open","sticky":false,"template":"","format":"standard","meta":{"_acf_changed":false,"footnotes":""},"categories":[16],"tags":[],"class_list":["post-12589","post","type-post","status-publish","format-standard","has-post-thumbnail","hentry","category-deportes"],"acf":{"ser_id":"B5HVUM7HWNAE5D4AAWGLOPRU2Q","ser_url":"https:\/\/cadenaser.com\/comunitat-valenciana\/2025\/02\/03\/felipe-orts-roza-el-top10-en-el-mundial-de-lievin-radio-benidorm\/"},"_links":{"self":[{"href":"https:\/\/serbenidorm.daliisolutions.com\/index.php\/wp-json\/wp\/v2\/posts\/12589","targetHints":{"allow":["GET"]}}],"collection":[{"href":"https:\/\/serbenidorm.daliisolutions.com\/index.php\/wp-json\/wp\/v2\/posts"}],"about":[{"href":"https:\/\/serbenidorm.daliisolutions.com\/index.php\/wp-json\/wp\/v2\/types\/post"}],"replies":[{"embeddable":true,"href":"https:\/\/serbenidorm.daliisolutions.com\/index.php\/wp-json\/wp\/v2\/comments?post=12589"}],"version-history":[{"count":0,"href":"https:\/\/serbenidorm.daliisolutions.com\/index.php\/wp-json\/wp\/v2\/posts\/12589\/revisions"}],"wp:featuredmedia":[{"embeddable":true,"href":"https:\/\/serbenidorm.daliisolutions.com\/index.php\/wp-json\/wp\/v2\/media\/12590"}],"wp:attachment":[{"href":"https:\/\/serbenidorm.daliisolutions.com\/index.php\/wp-json\/wp\/v2\/media?parent=12589"}],"wp:term":[{"taxonomy":"category","embeddable":true,"href":"https:\/\/serbenidorm.daliisolutions.com\/index.php\/wp-json\/wp\/v2\/categories?post=12589"},{"taxonomy":"post_tag","embeddable":true,"href":"https:\/\/serbenidorm.daliisolutions.com\/index.php\/wp-json\/wp\/v2\/tags?post=12589"}],"curies":[{"name":"wp","href":"https:\/\/api.w.org\/{rel}","templated":true}]}}