{"id":12591,"date":"2025-02-04T08:00:30","date_gmt":"2025-02-04T07:00:30","guid":{"rendered":"https:\/\/serbenidorm.daliisolutions.com\/index.php\/2025\/02\/04\/durisimo-reves-para-el-sporting-la-nucia-ante-el-betis\/"},"modified":"2025-02-04T08:00:30","modified_gmt":"2025-02-04T07:00:30","slug":"durisimo-reves-para-el-sporting-la-nucia-ante-el-betis","status":"publish","type":"post","link":"https:\/\/serbenidorm.daliisolutions.com\/index.php\/2025\/02\/04\/durisimo-reves-para-el-sporting-la-nucia-ante-el-betis\/","title":{"rendered":"Dur\u00edsimo rev\u00e9s para el Sporting La Nuc\u00eda ante el Betis"},"content":{"rendered":"  <p><div data-adtype=\"MLDB\"><\/div><\/p>   <p>Benidorm<\/p>   <p>El Real Betis Futsal logr\u00f3 una victoria arrolladora al imponerse 11-2 al Sporting FS La Nuc\u00eda en el Centro Deportivo Amate, en un partido correspondiente a la decimos\u00e9ptima jornada de la Segunda Divisi\u00f3n de f\u00fatbol sala en Espa\u00f1a.<\/p>   <p>Desde el inicio, el conjunto verdiblanco mostr\u00f3 su superioridad. Apenas transcurridos tres minutos, Cristian Povea inaugur\u00f3 el marcador. Este gol tempranero fue el preludio de una primera mitad demoledora para los locales. \u00c1lex Garc\u00eda destac\u00f3 con un hat-trick, mientras que Pablo Guti, Dickson y Pablo Otero, en dos ocasiones, ampliaron la ventaja. Aunque Iborra logr\u00f3 descontar para La Nuc\u00eda, el marcador al descanso reflejaba un contundente 8-1 a favor del Betis.<\/p>   <p>En la segunda parte, el ritmo del juego se equilibr\u00f3 ligeramente. Alberto anot\u00f3 el segundo tanto para el conjunto visitante, intentando maquillar el resultado. Sin embargo, el Betis no baj\u00f3 la guardia y sum\u00f3 tres goles m\u00e1s, obra de Ismael, Dickson y nuevamente Povea, cerrando el encuentro con un aplastante 11-2.<\/p>   <p>Con esta victoria, el Real Betis Futsal no solo recupera la senda del triunfo tras su reciente derrota ante el M\u00e1laga FS, sino que tambi\u00e9n se coloca provisionalmente en la cima de la clasificaci\u00f3n, a la espera del partido pendiente del Family Cash Alzira. Por su parte, el Sporting FS La Nuc\u00eda deber\u00e1 analizar esta dura derrota y buscar soluciones para revertir su situaci\u00f3n en la tabla.<\/p> ","protected":false},"excerpt":{"rendered":"<p>El l\u00edder de la Segunda Divisi\u00f3n no tuvo piedad con los rojillos<\/p>\n","protected":false},"author":0,"featured_media":12592,"comment_status":"open","ping_status":"open","sticky":false,"template":"","format":"standard","meta":{"_acf_changed":false,"footnotes":""},"categories":[16],"tags":[],"class_list":["post-12591","post","type-post","status-publish","format-standard","has-post-thumbnail","hentry","category-deportes"],"acf":{"ser_id":"DLJWC4NH6JDFBHQ5QMBNCRGLYY","ser_url":"https:\/\/cadenaser.com\/comunitat-valenciana\/2025\/02\/03\/durisimo-reves-para-el-sporting-la-nucia-ante-el-betis-radio-benidorm\/"},"_links":{"self":[{"href":"https:\/\/serbenidorm.daliisolutions.com\/index.php\/wp-json\/wp\/v2\/posts\/12591","targetHints":{"allow":["GET"]}}],"collection":[{"href":"https:\/\/serbenidorm.daliisolutions.com\/index.php\/wp-json\/wp\/v2\/posts"}],"about":[{"href":"https:\/\/serbenidorm.daliisolutions.com\/index.php\/wp-json\/wp\/v2\/types\/post"}],"replies":[{"embeddable":true,"href":"https:\/\/serbenidorm.daliisolutions.com\/index.php\/wp-json\/wp\/v2\/comments?post=12591"}],"version-history":[{"count":0,"href":"https:\/\/serbenidorm.daliisolutions.com\/index.php\/wp-json\/wp\/v2\/posts\/12591\/revisions"}],"wp:featuredmedia":[{"embeddable":true,"href":"https:\/\/serbenidorm.daliisolutions.com\/index.php\/wp-json\/wp\/v2\/media\/12592"}],"wp:attachment":[{"href":"https:\/\/serbenidorm.daliisolutions.com\/index.php\/wp-json\/wp\/v2\/media?parent=12591"}],"wp:term":[{"taxonomy":"category","embeddable":true,"href":"https:\/\/serbenidorm.daliisolutions.com\/index.php\/wp-json\/wp\/v2\/categories?post=12591"},{"taxonomy":"post_tag","embeddable":true,"href":"https:\/\/serbenidorm.daliisolutions.com\/index.php\/wp-json\/wp\/v2\/tags?post=12591"}],"curies":[{"name":"wp","href":"https:\/\/api.w.org\/{rel}","templated":true}]}}