{"id":12598,"date":"2025-02-04T11:43:23","date_gmt":"2025-02-04T10:43:23","guid":{"rendered":"https:\/\/serbenidorm.daliisolutions.com\/index.php\/2025\/02\/04\/comienzan-dos-juicios-por-agresiones-sexuales-en-benidorm\/"},"modified":"2025-02-04T11:43:23","modified_gmt":"2025-02-04T10:43:23","slug":"comienzan-dos-juicios-por-agresiones-sexuales-en-benidorm","status":"publish","type":"post","link":"https:\/\/serbenidorm.daliisolutions.com\/index.php\/2025\/02\/04\/comienzan-dos-juicios-por-agresiones-sexuales-en-benidorm\/","title":{"rendered":"Comienzan dos juicios por agresiones sexuales en Benidorm"},"content":{"rendered":"  <p><div data-adtype=\"MLDB\"><\/div><\/p>   <p>Benidorm<\/p>   <p>Este martes est\u00e1 previsto el inicio en la Audiencia Provincial de Alicante de sendos juicios por agresiones sexuales ocurridas en los \u00faltimos a\u00f1os en Benidorm seg\u00fan ha informado el Tribunal Superior de Justicia de la Comunitat Valenciana (TSJCV).<\/p>   <p>En uno de ellos la Fiscal\u00eda solicita de forma inicial una pena de prisi\u00f3n de diez a\u00f1os por los delitos de maltrato familiar y agresi\u00f3n sexual para un hombre al que acusa de agredir y forzar sexualmente a su mujer durante una discusi\u00f3n. Los hechos ocurrieron el 15 de octubre de 2022 <a href=\"https:\/\/cadenaser.com\/tag\/benidorm\/a\/\" target=\"_blank\">en una casa de Benidorm en la que conviv\u00edan<\/a> cuando comenzaron a discutir y el hombre le dio un golpe en el rostro con la mano abierta. <\/p>  <p><p>M\u00e1s informaci\u00f3n<\/p><figure><img loading=\"lazy\" decoding=\"async\" src=\"https:\/\/cadenaser.com\/resizer\/v2\/4CDQQKJJENEQJAI743IR2MDGTM.jpg?auth=7bedd7253d1af3881eae360bac5d7cc0a4c3af0b42b30328239066854e112ca0&amp;quality=70&amp;width=360&amp;height=202&amp;smart=true\" width=\"820\" height=\"621\" \/><\/figure><ul><li><a href=\"https:\/\/cadenaser.com\/comunitat-valenciana\/2025\/02\/02\/detenido-un-hombre-en-benidorm-por-acceder-al-movil-de-una-mujer-y-apoderarse-de-fotos-intimas-radio-alicante\/\"><span>Detenido un hombre en Benidorm por acceder al m\u00f3vil de una mujer y apoderarse de fotos \u00edntimas<\/span><\/a><\/li><\/ul><\/p>   <p>A continuaci\u00f3n, seg\u00fan a\u00f1ade la Fiscal\u00eda, el encausado comenz\u00f3 a realizar tocamientos en sus partes \u00edntimas a la mujer, quien le pidi\u00f3 que parara. Al contrario, el hombre la habr\u00eda vuelto a golpear y la habr\u00eda agredido sexualmente pese a la resistencia de la v\u00edctima.<\/p>   <p>Agresi\u00f3n a una empleada<\/p>   <p>En la otra sesi\u00f3n juzgan al due\u00f1o de una tienda de Benidorm acusado de violar a una empleada el 17 de marzo de 2022 en la trastienda del establecimiento. La Fiscal\u00eda mantiene que sobre las dos de la tarde ambos se encontraban descansando en un sof\u00e1 cuando el encausado se acerc\u00f3 a la v\u00edctima y comenz\u00f3 a tocarle en sus partes \u00edntimas. <\/p>   <p>La mujer le apart\u00f3 la mano y le manifest\u00f3 su oposici\u00f3n. El ministerio fiscal sostiene que, pese a ello, el hombre repiti\u00f3 su conducta al menos seis veces, hasta que la forz\u00f3 sexualmente. La acusaci\u00f3n p\u00fablica pide inicialmente para el acusado una pena de prisi\u00f3n de nueve a\u00f1os por un delito de agresi\u00f3n sexual.<\/p>   <p>     .c-w{         max-width:444px;         width:100%;         margin:32px auto;      background:#00755E;         border-radius:4px;         display:flex;         align-items:center;         justify-content:center;     }     .c-w a{         display:flex;         align-items:center;         justify-content:center;         padding:4px 24px;     }     .c-w img{         width:24px;         margin-right:12px;     }     .c-w p{         font:18px\/25px Poppins;         text-align:center;         color:#fff;         margin:0;     }     @media (max-width:444px){         .c-w a{             padding:4px 12px;         }         .c-w img{             width:24px;             margin-right:8px;         }         .c-w p{             font:14px\/25px Poppins;         }     }     @media (max-width:335px){         .c-w p{             font:13px\/25px Poppins;         }     }  <div class=\"c-w\">     <a href=\"https:\/\/www.whatsapp.com\/channel\/0029Va633PF9WtC4l7XUzh1e\" rel=\"nofollow\" target=\"_blank\">         <img decoding=\"async\" src=\"https:\/\/cadenaser.com\/estaticos\/recursosgraficos\/responsive\/img\/ico-whatsapp.svg\" alt=\"Whatsapp\">         <p>\u00danete al <b>canal de WhatsApp<\/b> de la SER<\/p>     <\/a> <\/div><\/p> ","protected":false},"excerpt":{"rendered":"<p>Fiscal\u00eda pide diez y nueve a\u00f1os de c\u00e1rcel para acusado<\/p>\n","protected":false},"author":0,"featured_media":12599,"comment_status":"open","ping_status":"open","sticky":false,"template":"","format":"standard","meta":{"_acf_changed":false,"footnotes":""},"categories":[1],"tags":[],"class_list":["post-12598","post","type-post","status-publish","format-standard","has-post-thumbnail","hentry","category-sin-categoria"],"acf":{"ser_id":"PNE6W3FJGBDMPERQOMQOTB6TCQ","ser_url":"https:\/\/cadenaser.com\/comunitat-valenciana\/2025\/02\/04\/comienzan-dos-juicios-por-agresiones-sexuales-en-benidorm-radio-benidorm\/"},"_links":{"self":[{"href":"https:\/\/serbenidorm.daliisolutions.com\/index.php\/wp-json\/wp\/v2\/posts\/12598","targetHints":{"allow":["GET"]}}],"collection":[{"href":"https:\/\/serbenidorm.daliisolutions.com\/index.php\/wp-json\/wp\/v2\/posts"}],"about":[{"href":"https:\/\/serbenidorm.daliisolutions.com\/index.php\/wp-json\/wp\/v2\/types\/post"}],"replies":[{"embeddable":true,"href":"https:\/\/serbenidorm.daliisolutions.com\/index.php\/wp-json\/wp\/v2\/comments?post=12598"}],"version-history":[{"count":0,"href":"https:\/\/serbenidorm.daliisolutions.com\/index.php\/wp-json\/wp\/v2\/posts\/12598\/revisions"}],"wp:featuredmedia":[{"embeddable":true,"href":"https:\/\/serbenidorm.daliisolutions.com\/index.php\/wp-json\/wp\/v2\/media\/12599"}],"wp:attachment":[{"href":"https:\/\/serbenidorm.daliisolutions.com\/index.php\/wp-json\/wp\/v2\/media?parent=12598"}],"wp:term":[{"taxonomy":"category","embeddable":true,"href":"https:\/\/serbenidorm.daliisolutions.com\/index.php\/wp-json\/wp\/v2\/categories?post=12598"},{"taxonomy":"post_tag","embeddable":true,"href":"https:\/\/serbenidorm.daliisolutions.com\/index.php\/wp-json\/wp\/v2\/tags?post=12598"}],"curies":[{"name":"wp","href":"https:\/\/api.w.org\/{rel}","templated":true}]}}