{"id":1260,"date":"2024-01-10T11:40:34","date_gmt":"2024-01-10T10:40:34","guid":{"rendered":"https:\/\/serbenidorm.daliisolutions.com\/index.php\/2024\/01\/10\/juicio-por-agresion-sexual-a-una-menor-en-un-camping-de-lalfas-del-pi\/"},"modified":"2024-01-10T11:40:34","modified_gmt":"2024-01-10T10:40:34","slug":"juicio-por-agresion-sexual-a-una-menor-en-un-camping-de-lalfas-del-pi","status":"publish","type":"post","link":"https:\/\/serbenidorm.daliisolutions.com\/index.php\/2024\/01\/10\/juicio-por-agresion-sexual-a-una-menor-en-un-camping-de-lalfas-del-pi\/","title":{"rendered":"Juicio por agresi\u00f3n sexual a una menor en un camping de l&#8217;Alf\u00e0s del Pi"},"content":{"rendered":"  <p>Alicante &#8211; L&#8217;Alf\u00e0s del Pi<\/p>   <p>Este mi\u00e9rcoles por la ma\u00f1ana ha comenzado en la Audiencia Provincial de Alicante el juicio a un hombre acusado de un delito de agresi\u00f3n sexual a una menor<a href=\"https:\/\/cadenaser.com\/tag\/lalfas_del_pi\/a\/\" target=\"_blank\" rel=\"noopener\"> en un camping de l&#8217;Alf\u00e0s del Pi<\/a> hace cinco a\u00f1os. <\/p>   <p>La Fiscal\u00eda va a pedir siete a\u00f1os de prisi\u00f3n por ese delito de agresi\u00f3n sexual a menor. Seg\u00fan su relato el hombre aprovech\u00f3 su superioridad f\u00edsica para someter a tocamientos en sus partes \u00edntimas a una ni\u00f1a que ten\u00eda 14 a\u00f1os cuando sucedieron los hechos.<\/p>  <p><p class=\"tit\"><span>Hoy por Hoy matinal Benidorm 8:20 (10\/01\/2024)<\/span><\/p> <p class=\"emb\"><\/p><\/p>   <p>La acusaci\u00f3n p\u00fablica detalla que el acusado se acerc\u00f3 a la v\u00edctima en el camping y, con \u00e1nimo libidinoso, forceje\u00f3 con ella para tocarle sus partes \u00edntimas, hasta que ces\u00f3 su conducta con la aparici\u00f3n de una amiga de la menor.<\/p> ","protected":false},"excerpt":{"rendered":"<p>La v\u00edctima ten\u00eda 14 a\u00f1os cuando ocurrieron los hechos<\/p>\n","protected":false},"author":0,"featured_media":1261,"comment_status":"open","ping_status":"open","sticky":false,"template":"","format":"standard","meta":{"_acf_changed":false,"footnotes":""},"categories":[1],"tags":[],"class_list":["post-1260","post","type-post","status-publish","format-standard","has-post-thumbnail","hentry","category-sin-categoria"],"acf":{"ser_id":"7FM3MQMIIVAGVDRZSKS4DJISDM","ser_url":"https:\/\/cadenaser.com\/comunitat-valenciana\/2024\/01\/10\/juicio-por-agresion-sexual-a-una-menor-en-un-camping-de-lalfas-del-pi-radio-benidorm\/"},"_links":{"self":[{"href":"https:\/\/serbenidorm.daliisolutions.com\/index.php\/wp-json\/wp\/v2\/posts\/1260","targetHints":{"allow":["GET"]}}],"collection":[{"href":"https:\/\/serbenidorm.daliisolutions.com\/index.php\/wp-json\/wp\/v2\/posts"}],"about":[{"href":"https:\/\/serbenidorm.daliisolutions.com\/index.php\/wp-json\/wp\/v2\/types\/post"}],"replies":[{"embeddable":true,"href":"https:\/\/serbenidorm.daliisolutions.com\/index.php\/wp-json\/wp\/v2\/comments?post=1260"}],"version-history":[{"count":0,"href":"https:\/\/serbenidorm.daliisolutions.com\/index.php\/wp-json\/wp\/v2\/posts\/1260\/revisions"}],"wp:featuredmedia":[{"embeddable":true,"href":"https:\/\/serbenidorm.daliisolutions.com\/index.php\/wp-json\/wp\/v2\/media\/1261"}],"wp:attachment":[{"href":"https:\/\/serbenidorm.daliisolutions.com\/index.php\/wp-json\/wp\/v2\/media?parent=1260"}],"wp:term":[{"taxonomy":"category","embeddable":true,"href":"https:\/\/serbenidorm.daliisolutions.com\/index.php\/wp-json\/wp\/v2\/categories?post=1260"},{"taxonomy":"post_tag","embeddable":true,"href":"https:\/\/serbenidorm.daliisolutions.com\/index.php\/wp-json\/wp\/v2\/tags?post=1260"}],"curies":[{"name":"wp","href":"https:\/\/api.w.org\/{rel}","templated":true}]}}