{"id":12605,"date":"2025-02-04T14:31:49","date_gmt":"2025-02-04T13:31:49","guid":{"rendered":"https:\/\/serbenidorm.daliisolutions.com\/index.php\/2025\/02\/04\/las-toallitas-en-el-vater-cuestan-a-benidorm-400-000-euros-al-ano-y-una-campana-de-concienciacion-busca-que-dejen-de-ser-noticia\/"},"modified":"2025-02-04T14:31:49","modified_gmt":"2025-02-04T13:31:49","slug":"las-toallitas-en-el-vater-cuestan-a-benidorm-400-000-euros-al-ano-y-una-campana-de-concienciacion-busca-que-dejen-de-ser-noticia","status":"publish","type":"post","link":"https:\/\/serbenidorm.daliisolutions.com\/index.php\/2025\/02\/04\/las-toallitas-en-el-vater-cuestan-a-benidorm-400-000-euros-al-ano-y-una-campana-de-concienciacion-busca-que-dejen-de-ser-noticia\/","title":{"rendered":"Las toallitas en el v\u00e1ter cuestan a Benidorm 400.000 euros al a\u00f1o y una campa\u00f1a de concienciaci\u00f3n busca que \u00abdejen de ser noticia\u00bb"},"content":{"rendered":"  <p><div data-adtype=\"MLDB\"><\/div><\/p>   <p>Benidorm<\/p>   <p>La concesionaria de la gesti\u00f3n del agua, Hidraqua, y el Ayuntamiento de Benidorm han puesto en marcha la campa\u00f1a de concienciaci\u00f3n medioambiental <a href=\"https:\/\/cadenaser.com\/tag\/benidorm\/a\/\" target=\"_blank\">\u2018Haz que las toallitas dejen de ser noticia\u2019<\/a>. <\/p>   <p>El concejal del \u00e1rea, Jos\u00e9 Ram\u00f3n Gonz\u00e1lez de Z\u00e1rate, ha explicado este martes durante la presentaci\u00f3n que el vertido de toallitas al inodoro \u00abprovoca problemas y aver\u00edas importantes en la red de alcantarillado con un elevado coste medioambiental y econ\u00f3mico\u00bb. <\/p>   <p>Durante 2024 se extrajeron cerca de 300 toneladas de toallitas en los bombeos y depuradoras de la ciudad, residuo que supone un 90 % de todos los s\u00f3lidos que se interceptan en el agua residual. Junto a ello, el coste del impacto ambiental por su presencia en el mar debido a alivios por lluvias y roturas de tuber\u00edas, donde puede resultar imposible su retirada, \u00abno es calculable\u00bb.<\/p>   <p>75 euros por tonelada de toallitas<\/p>   <p>Al margen del coste ambiental la presencia de toallitas obliga a costosas reparaciones en el sistema de saneamiento y de tratamiento del residuo. As\u00ed, el coste por la gesti\u00f3n de su extracci\u00f3n y destino final de las toallitas es de m\u00e1s de 75 euros por tonelada. Si a ello se suma el impacto de limpiezas adicionales de tuber\u00edas y conducciones, desatascos, aver\u00edas, obstrucciones y vertidos al medio por su presencia, la cifra asciende a 400.000 euros al a\u00f1o.<\/p>   <p>De ah\u00ed, ha apuntado el edil, que se haya apostado por \u00abuna potente campa\u00f1a de concienciaci\u00f3n que se va a desplegar en los medios de comunicaci\u00f3n, pero tambi\u00e9n a trav\u00e9s de las pantallas que hay instaladas en toda la ciudad y en el resto de medios y soportes del Ayuntamiento\u00bb con el objetivo de llegar al m\u00e1ximo de poblaci\u00f3n residente y visitante.<\/p>   <p>     .c-w{         max-width:444px;         width:100%;         margin:32px auto;      background:#00755E;         border-radius:4px;         display:flex;         align-items:center;         justify-content:center;     }     .c-w a{         display:flex;         align-items:center;         justify-content:center;         padding:4px 24px;     }     .c-w img{         width:24px;         margin-right:12px;     }     .c-w p{         font:18px\/25px Poppins;         text-align:center;         color:#fff;         margin:0;     }     @media (max-width:444px){         .c-w a{             padding:4px 12px;         }         .c-w img{             width:24px;             margin-right:8px;         }         .c-w p{             font:14px\/25px Poppins;         }     }     @media (max-width:335px){         .c-w p{             font:13px\/25px Poppins;         }     }  <div class=\"c-w\">     <a href=\"https:\/\/www.whatsapp.com\/channel\/0029Va633PF9WtC4l7XUzh1e\" rel=\"nofollow\" target=\"_blank\">         <img decoding=\"async\" src=\"https:\/\/cadenaser.com\/estaticos\/recursosgraficos\/responsive\/img\/ico-whatsapp.svg\" alt=\"Whatsapp\">         <p>\u00danete al <b>canal de WhatsApp<\/b> de la SER<\/p>     <\/a> <\/div><\/p>   <p>Por su parte el gerente territorial de Hidraqua, Ciriaco Clemente, ha indicado que \u00abllevamos a cabo acciones de concienciaci\u00f3n medioambiental a lo largo de todo el a\u00f1o. En el \u00e1mbito de la depuraci\u00f3n y partiendo de que las depuradoras hacen su trabajo en relaci\u00f3n a la gesti\u00f3n de toallitas en tiempo seco sin problema -se recogen y tratan, por supuesto, con un coste elevado-, sin embargo, con motivo de lluvias intensas es posible que se sobrepasen las barreras de protecci\u00f3n que ponemos y aparezcan efectos que no deseamos en nuestro litoral\u00bb.<\/p>   <p>Clemente ha recordado <a href=\"https:\/\/cadenaser.com\/comunitat-valenciana\/2024\/10\/18\/las-toallitas-en-el-vater-atascan-las-tuberias-de-benidorm-si-esto-sucede-en-verano-no-dariamos-abasto-radio-benidorm\/\" target=\"_blank\">la \u00faltima gran aver\u00eda que vivi\u00f3 Benidorm hace unos meses por culpa de las toallitas en la estaci\u00f3n de bombeo de Severo Ochoa<\/a>, donde durante d\u00edas operarios de Hidraqua estuvieron desatascando las conducciones de la nueva l\u00ednea de impulsi\u00f3n, que ha hab\u00eda quedado obstruida a causa de las miles de toallitas higi\u00e9nicas arrojadas y atrapadas en el sistema.<\/p> ","protected":false},"excerpt":{"rendered":"<p>La concesionaria del agua y el ayuntamiento advierten de los problemas que genera en la red el vertido de toallitas al inodoro<\/p>\n","protected":false},"author":0,"featured_media":12606,"comment_status":"open","ping_status":"open","sticky":false,"template":"","format":"standard","meta":{"_acf_changed":false,"footnotes":""},"categories":[1],"tags":[],"class_list":["post-12605","post","type-post","status-publish","format-standard","has-post-thumbnail","hentry","category-sin-categoria"],"acf":{"ser_id":"5A4ERA37QREO5FSCKVHAEWPQUI","ser_url":"https:\/\/cadenaser.com\/comunitat-valenciana\/2025\/02\/04\/las-toallitas-en-el-vater-cuestan-a-benidorm-400000-euros-al-ano-y-una-campana-de-concienciacion-busca-que-dejen-de-ser-noticia-radio-benidorm\/"},"_links":{"self":[{"href":"https:\/\/serbenidorm.daliisolutions.com\/index.php\/wp-json\/wp\/v2\/posts\/12605","targetHints":{"allow":["GET"]}}],"collection":[{"href":"https:\/\/serbenidorm.daliisolutions.com\/index.php\/wp-json\/wp\/v2\/posts"}],"about":[{"href":"https:\/\/serbenidorm.daliisolutions.com\/index.php\/wp-json\/wp\/v2\/types\/post"}],"replies":[{"embeddable":true,"href":"https:\/\/serbenidorm.daliisolutions.com\/index.php\/wp-json\/wp\/v2\/comments?post=12605"}],"version-history":[{"count":0,"href":"https:\/\/serbenidorm.daliisolutions.com\/index.php\/wp-json\/wp\/v2\/posts\/12605\/revisions"}],"wp:featuredmedia":[{"embeddable":true,"href":"https:\/\/serbenidorm.daliisolutions.com\/index.php\/wp-json\/wp\/v2\/media\/12606"}],"wp:attachment":[{"href":"https:\/\/serbenidorm.daliisolutions.com\/index.php\/wp-json\/wp\/v2\/media?parent=12605"}],"wp:term":[{"taxonomy":"category","embeddable":true,"href":"https:\/\/serbenidorm.daliisolutions.com\/index.php\/wp-json\/wp\/v2\/categories?post=12605"},{"taxonomy":"post_tag","embeddable":true,"href":"https:\/\/serbenidorm.daliisolutions.com\/index.php\/wp-json\/wp\/v2\/tags?post=12605"}],"curies":[{"name":"wp","href":"https:\/\/api.w.org\/{rel}","templated":true}]}}