{"id":12613,"date":"2025-02-04T16:33:58","date_gmt":"2025-02-04T15:33:58","guid":{"rendered":"https:\/\/serbenidorm.daliisolutions.com\/index.php\/2025\/02\/04\/el-paro-en-benidorm-y-la-marina-baixa-peor-que-hace-un-mes-y-mejor-que-hace-un-ano\/"},"modified":"2025-02-04T16:33:58","modified_gmt":"2025-02-04T15:33:58","slug":"el-paro-en-benidorm-y-la-marina-baixa-peor-que-hace-un-mes-y-mejor-que-hace-un-ano","status":"publish","type":"post","link":"https:\/\/serbenidorm.daliisolutions.com\/index.php\/2025\/02\/04\/el-paro-en-benidorm-y-la-marina-baixa-peor-que-hace-un-mes-y-mejor-que-hace-un-ano\/","title":{"rendered":"El paro en Benidorm y la Marina Baixa, peor que hace un mes y mejor que hace un a\u00f1o"},"content":{"rendered":"  <p><div data-adtype=\"MLDB\"><\/div><\/p>   <p>Benidorm<\/p>   <p>Febrero empieza en la Marina Baixa con 9.503 parados. Son 136 m\u00e1s que en enero, pero 459 menos que el mismo mes del a\u00f1o pasado, seg\u00fan las \u00faltimas estad\u00edsticas del Servicio Valenciano de Empleo (LABORA).<\/p>   <p><a href=\"https:\/\/cadenaser.com\/tag\/comarca_la_marina_baixa\/a\/\" target=\"_blank\">Son m\u00e1s de 5.500 mujeres y casi 4.000 hombres los apuntados a las listas del paro en nuestra comarca<\/a>. El 83,4 % del total en el sector de los servicios, que es a su vez el principal motor, responsable de 3.500 de los casi 4.000 nuevos contratos firmados en el \u00faltimo mes.<\/p>   <p><p>M\u00e1s informaci\u00f3n<\/p><ul><li><a href=\"https:\/\/cadenaser.com\/comunitat-valenciana\/2025\/02\/04\/el-ano-arranca-con-un-aumento-de-3078-parados-en-la-comunitat-valenciana-radio-valencia\/\"><span>El a\u00f1o arranca con un aumento de 3.078 parados en la Comunitat Valenciana<\/span><\/a><\/li><\/ul><\/p>   <p>Yolanda D\u00edaz, secretaria general de UGT en Alicante, habla esta vez de unas mejores condiciones de trabajo en la comarca: \u00abHay muchas mejoras que realizar pero las plantillas est\u00e1n m\u00e1s estables, lo que produce la merma de la contrataci\u00f3n\u00bb, explica.<\/p>   <p>El secretario de Medio Ambiente y Di\u00e1logo Social de Comisiones Obreras en la Comunitat Valenciana, Dani Pati\u00f1o, vuelve a poner el foco sin embargo en el n\u00famero de contratos temporales: \u00abCon un mayor crecimiento de la contrataci\u00f3n temporal respecto al mismo periodo del a\u00f1o anterior\u00bb.<\/p>   <p>Ambos representantes sindicales inciden en la importancia de seguir implantando mejoras en las condiciones laborales a trav\u00e9s de la negociaci\u00f3n colectiva y de la b\u00fasqueda de nuevos nichos de trabajo a ra\u00edz de la transici\u00f3n digital y ecol\u00f3gica. <\/p>   <p>     .c-w{         max-width:444px;         width:100%;         margin:32px auto;      background:#00755E;         border-radius:4px;         display:flex;         align-items:center;         justify-content:center;     }     .c-w a{         display:flex;         align-items:center;         justify-content:center;         padding:4px 24px;     }     .c-w img{         width:24px;         margin-right:12px;     }     .c-w p{         font:18px\/25px Poppins;         text-align:center;         color:#fff;         margin:0;     }     @media (max-width:444px){         .c-w a{             padding:4px 12px;         }         .c-w img{             width:24px;             margin-right:8px;         }         .c-w p{             font:14px\/25px Poppins;         }     }     @media (max-width:335px){         .c-w p{             font:13px\/25px Poppins;         }     }  <div class=\"c-w\">     <a href=\"https:\/\/www.whatsapp.com\/channel\/0029Va633PF9WtC4l7XUzh1e\" rel=\"nofollow\" target=\"_blank\">         <img decoding=\"async\" src=\"https:\/\/cadenaser.com\/estaticos\/recursosgraficos\/responsive\/img\/ico-whatsapp.svg\" alt=\"Whatsapp\">         <p>\u00danete al <b>canal de WhatsApp<\/b> de la SER<\/p>     <\/a> <\/div><\/p>   <p>El paro por municipios<\/p>   <p><li>En <a href=\"https:\/\/cadenaser.com\/tag\/benidorm\/a\/\" target=\"_blank\">Benidorm<\/a> el paro ha subido en 98 personas, son un total de 3.583 desempleados<\/li><li>En <a href=\"https:\/\/cadenaser.com\/tag\/vila_joiosa\/a\/\" target=\"_blank\">La Vila Joiosa<\/a> sube en 20, son 2.076<\/li><li>En <a href=\"https:\/\/cadenaser.com\/tag\/altea\/a\/\" target=\"_blank\">Altea<\/a> y<a href=\"https:\/\/cadenaser.com\/tag\/lalfas_del_pi\/a\/\" target=\"_blank\"> l\u2019Alf\u00e0s del Pi<\/a> el n\u00famero se queda exactamente igual, con 1.076 y 772 personas paradas respectivamente<\/li><li>En <a href=\"https:\/\/cadenaser.com\/tag\/la_nucia\/a\/\" target=\"_blank\">La Nuc\u00eda <\/a>crece en 16 personas, son 828<\/li><\/p>   <p>Datos auton\u00f3micos<\/p>   <p>El paro registrado aument\u00f3 en la Comunitat Valenciana en enero en 3.078 personas, un 0&#8217;98%. La cifra total de desempleados queda situada en 318.581. A\u00fan as\u00ed, el dato de paro es el m\u00e1s bajo desde enero de 2008. Se han registrado en enero 103.468 contratos, de los que casi la mitad (47&#8217;55%) son indefinidos, 49.197.<\/p>   <p>Por sectores, el paro baja en el colectivo sin empleo anterior (-4,08%), en construcci\u00f3n (-1&#8217;79%) y en industria (-0&#8217;86%) y sube en servicios (2&#8217;09%) y en agricultura (1&#8217;7%).<\/p>   <p>Por grupos de edad, el desempleo baja entre los menores de 25 a\u00f1os (-9&#8217;38%) y sube en el tramo de 25 a 44 a\u00f1os (2&#8217;71%) y en el de mayores de 45 a\u00f1os (1&#8217;17%).<\/p>   <p>Por g\u00e9nero, el paro baja entre los hombres (-0&#8217;2%) y subi\u00f3 entre las mujeres (1&#8217;75%).<\/p>   <p>Territorialmente el paro sube en Valencia (1&#8217;55%), en Castell\u00f3n (0&#8217;78%) y donde menos en Alicante (0&#8217;33%).<\/p> ","protected":false},"excerpt":{"rendered":"<p>Hay m\u00e1s de 9.500 personas desempleadas<\/p>\n","protected":false},"author":0,"featured_media":12614,"comment_status":"open","ping_status":"open","sticky":false,"template":"","format":"standard","meta":{"_acf_changed":false,"footnotes":""},"categories":[1],"tags":[],"class_list":["post-12613","post","type-post","status-publish","format-standard","has-post-thumbnail","hentry","category-sin-categoria"],"acf":{"ser_id":"AOA24IAMTVFNJDX5CZZG2BY54I","ser_url":"https:\/\/cadenaser.com\/comunitat-valenciana\/2025\/02\/04\/el-paro-en-benidorm-y-la-marina-baixa-peor-que-hace-un-mes-y-mejor-que-hace-un-ano-radio-benidorm\/"},"_links":{"self":[{"href":"https:\/\/serbenidorm.daliisolutions.com\/index.php\/wp-json\/wp\/v2\/posts\/12613","targetHints":{"allow":["GET"]}}],"collection":[{"href":"https:\/\/serbenidorm.daliisolutions.com\/index.php\/wp-json\/wp\/v2\/posts"}],"about":[{"href":"https:\/\/serbenidorm.daliisolutions.com\/index.php\/wp-json\/wp\/v2\/types\/post"}],"replies":[{"embeddable":true,"href":"https:\/\/serbenidorm.daliisolutions.com\/index.php\/wp-json\/wp\/v2\/comments?post=12613"}],"version-history":[{"count":0,"href":"https:\/\/serbenidorm.daliisolutions.com\/index.php\/wp-json\/wp\/v2\/posts\/12613\/revisions"}],"wp:featuredmedia":[{"embeddable":true,"href":"https:\/\/serbenidorm.daliisolutions.com\/index.php\/wp-json\/wp\/v2\/media\/12614"}],"wp:attachment":[{"href":"https:\/\/serbenidorm.daliisolutions.com\/index.php\/wp-json\/wp\/v2\/media?parent=12613"}],"wp:term":[{"taxonomy":"category","embeddable":true,"href":"https:\/\/serbenidorm.daliisolutions.com\/index.php\/wp-json\/wp\/v2\/categories?post=12613"},{"taxonomy":"post_tag","embeddable":true,"href":"https:\/\/serbenidorm.daliisolutions.com\/index.php\/wp-json\/wp\/v2\/tags?post=12613"}],"curies":[{"name":"wp","href":"https:\/\/api.w.org\/{rel}","templated":true}]}}