{"id":1262,"date":"2024-01-10T11:49:10","date_gmt":"2024-01-10T10:49:10","guid":{"rendered":"https:\/\/serbenidorm.daliisolutions.com\/index.php\/2024\/01\/10\/nuevo-parking-gratuito-con-mas-de-600-plazas-en-benidorm\/"},"modified":"2024-01-10T11:49:10","modified_gmt":"2024-01-10T10:49:10","slug":"nuevo-parking-gratuito-con-mas-de-600-plazas-en-benidorm","status":"publish","type":"post","link":"https:\/\/serbenidorm.daliisolutions.com\/index.php\/2024\/01\/10\/nuevo-parking-gratuito-con-mas-de-600-plazas-en-benidorm\/","title":{"rendered":"Nuevo parking gratuito con m\u00e1s de 600 plazas en Benidorm"},"content":{"rendered":"  <p>Benidorm<\/p>   <p>El nuevo aparcamiento disuasorio de la avenida Bernat de Sarri\u00e0 ya se encuentra operativo desde este mi\u00e9rcoles. <a href=\"https:\/\/cadenaser.com\/tag\/benidorm\/a\/\" target=\"_blank\" rel=\"noopener\">Este nuevo parking gratuito se ubica a la altura de la calle Ciudad Real<\/a>, en donde tambi\u00e9n se construy\u00f3 hace meses una rotonda para mejorar la movilidad de la zona.<\/p>   <p>El alcalde Toni P\u00e9rez y el concejal de Movilidad y Espacio P\u00fablico, Francis Mu\u00f1oz, han visitado esta ma\u00f1ana el lugar para comprobar el estado final de los trabajos, que han consistido en el desbroce completo de la parcela, la limpieza del solar, la compactaci\u00f3n del terreno y la colocaci\u00f3n de alumbrado.<\/p>   <p><p>M\u00e1s informaci\u00f3n<\/p><figure><img decoding=\"async\" src=\"https:\/\/cadenaser.com\/resizer\/st5bKI0dUm2cQQoxhW6sEO9R2O8=\/650x366\/filters:quality(70)\/cloudfront-eu-central-1.images.arcpublishing.com\/prisaradio\/65RECO4KVBC5NJYPWKMUCQFIHU.jpeg\" loading=\"lazy\" width=\"828\" height=\"621\" \/><\/figure><ul><li><a href=\"https:\/\/cadenaser.com\/comunitat-valenciana\/2024\/01\/09\/benidorm-aprobara-la-proxima-semana-la-licencia-de-obra-para-poder-terminar-el-ies-pere-maria-orts-i-bosch-radio-benidorm\/\">Benidorm aprobar\u00e1 la pr\u00f3xima semana la licencia de obra para poder terminar el IES Pere Mar\u00eda Orts i Bosch<\/a><\/li><\/ul><\/p>   <p>El parking disuasorio nace sobre una parcela del sector Ensanche Levante de 16.581,18 metros cuadrados y tiene capacidad para albergar a 662 veh\u00edculos.<\/p>   <p>Seg\u00fan ha puesto de manifiesto el concejal de Movilidad \u201cson plazas que descongestionar\u00e1n el aparcamiento de la zona y dar\u00e1n servicio a los usuarios del centro de salud, del hospital, de las instalaciones deportivas o del mercadillo\u201d.<\/p>   <p>M\u00e1s de 30 aparcamientos disuasorios<\/p>   <p>Las nuevas plazas de aparcamiento se a\u00f1aden a las ya existentes en todo el t\u00e9rmino municipal en los casi 40 aparcamientos disuasorios, para totalizar m\u00e1s de 8.000. Esta actuaci\u00f3n, adem\u00e1s, ha incluido la creaci\u00f3n de una rotonda en la confluencia de Bernat de Sarri\u00e0 con la calle Ciudad Real, con lo que, seg\u00fan ha indicado el concejal\u00a0 \u201cconseguimos objetivos esenciales para el Ayuntamiento como son la mejora de la seguridad vial y de la movilidad\u201d.<\/p>   <p>El concejal ha se\u00f1alado que en esta entrada a Benidorm por Levante \u201clos conductores se van a encontrar un nuevo aparcamiento de casi 700 plazas que est\u00e1 muy cercano al existente en la confluencia con Derramador\u201d. Dos parcelas que ya permiten que \u201ctodos aquellos que nos visiten o quienes vengan a trabajar por esta zona tengan aparcamientos perfectamente habilitados, con iluminaci\u00f3n y preparados para su uso por cualquiera\u201d.<\/p>   <p>Francis Mu\u00f1os ha incidido en que con la creaci\u00f3n de estas plazas en el Rinc\u00f3n de Loix \u201cdamos respuesta a las necesidades de estacionamiento que existen en la zona, donde hay un importante peso alojativo y residencial, y tambi\u00e9n nos adelantamos a la futura demanda, marcada por el nuevo centro de salud\u201d. A este respecto ha trasladado que \u201ccomo ya saben los ciudadanos, el centro de salud se va a ubicar en una parcela municipal situada junto a los campos de f\u00fatbol \u2018Antonio L\u00f3pez\u2019, un suelo cedido por el Ayuntamiento que hasta ahora estaba habilitado como parking\u201d.<\/p> ","protected":false},"excerpt":{"rendered":"<p>Se ubica sobre una parcela de 16.581 metros<\/p>\n","protected":false},"author":0,"featured_media":1263,"comment_status":"open","ping_status":"open","sticky":false,"template":"","format":"standard","meta":{"_acf_changed":false,"footnotes":""},"categories":[1],"tags":[],"class_list":["post-1262","post","type-post","status-publish","format-standard","has-post-thumbnail","hentry","category-sin-categoria"],"acf":{"ser_id":"XGCGEKCLNNA7XCGNGZSYTRK4Y4","ser_url":"https:\/\/cadenaser.com\/comunitat-valenciana\/2024\/01\/10\/nuevo-parking-gratuito-con-mas-de-600-plazas-en-benidorm-radio-benidorm\/"},"_links":{"self":[{"href":"https:\/\/serbenidorm.daliisolutions.com\/index.php\/wp-json\/wp\/v2\/posts\/1262","targetHints":{"allow":["GET"]}}],"collection":[{"href":"https:\/\/serbenidorm.daliisolutions.com\/index.php\/wp-json\/wp\/v2\/posts"}],"about":[{"href":"https:\/\/serbenidorm.daliisolutions.com\/index.php\/wp-json\/wp\/v2\/types\/post"}],"replies":[{"embeddable":true,"href":"https:\/\/serbenidorm.daliisolutions.com\/index.php\/wp-json\/wp\/v2\/comments?post=1262"}],"version-history":[{"count":0,"href":"https:\/\/serbenidorm.daliisolutions.com\/index.php\/wp-json\/wp\/v2\/posts\/1262\/revisions"}],"wp:featuredmedia":[{"embeddable":true,"href":"https:\/\/serbenidorm.daliisolutions.com\/index.php\/wp-json\/wp\/v2\/media\/1263"}],"wp:attachment":[{"href":"https:\/\/serbenidorm.daliisolutions.com\/index.php\/wp-json\/wp\/v2\/media?parent=1262"}],"wp:term":[{"taxonomy":"category","embeddable":true,"href":"https:\/\/serbenidorm.daliisolutions.com\/index.php\/wp-json\/wp\/v2\/categories?post=1262"},{"taxonomy":"post_tag","embeddable":true,"href":"https:\/\/serbenidorm.daliisolutions.com\/index.php\/wp-json\/wp\/v2\/tags?post=1262"}],"curies":[{"name":"wp","href":"https:\/\/api.w.org\/{rel}","templated":true}]}}