{"id":12638,"date":"2025-02-05T12:35:30","date_gmt":"2025-02-05T11:35:30","guid":{"rendered":"https:\/\/serbenidorm.daliisolutions.com\/index.php\/2025\/02\/05\/la-vivienda-de-segunda-mano-en-benidorm-en-un-29-mas-cara-que-hace-20-anos\/"},"modified":"2025-02-05T12:35:30","modified_gmt":"2025-02-05T11:35:30","slug":"la-vivienda-de-segunda-mano-en-benidorm-en-un-29-mas-cara-que-hace-20-anos","status":"publish","type":"post","link":"https:\/\/serbenidorm.daliisolutions.com\/index.php\/2025\/02\/05\/la-vivienda-de-segunda-mano-en-benidorm-en-un-29-mas-cara-que-hace-20-anos\/","title":{"rendered":"La vivienda de segunda mano en Benidorm en un 29 % m\u00e1s cara que hace 20 a\u00f1os"},"content":{"rendered":"  <p><div data-adtype=\"MLDB\"><\/div><\/p>   <p>Benidorm<\/p>   <p>El precio de la vivienda de segunda mano en la capital tur\u00edstica de la Costa Blanca es un es un 29 % m\u00e1s caro que hace 20 a\u00f1os seg\u00fan los datos del portal inmobiliario Fotocasa.<\/p>   <p>En 2005 el precio medio de la vivienda en la ciudad era de 2.654 euros por metro cuadrado, dos d\u00e9cadas despu\u00e9s alcanza los 3.430 euros por metro, 1.000 m\u00e1s que la media nacional.<\/p>   <p><p>M\u00e1s informaci\u00f3n<\/p><ul><li><a href=\"https:\/\/cadenaser.com\/comunitat-valenciana\/2025\/02\/04\/el-paro-en-benidorm-y-la-marina-baixa-peor-que-hace-un-mes-y-mejor-que-hace-un-ano-radio-benidorm\/\"><span>El paro en Benidorm y la Marina Baixa, peor que hace un mes y mejor que hace un a\u00f1o<\/span><\/a><\/li><\/ul><\/p>   <p>De ese 29 % solo en el \u00faltimo a\u00f1o ha aumentado un 13,5 % y, seg\u00fan la estad\u00edstica,<a href=\"https:\/\/cadenaser.com\/tag\/benidorm\/a\/\" target=\"_blank\"> tiene las casas m\u00e1s caras de toda la Comunitat Valenciana por delante de Alicante y Valencia capital<\/a>.<\/p>   <p>En la media auton\u00f3mica del portal sobre el precio de la vivienda de segunda mano el resultado es un encarecimiento algo m\u00e1s tibio pero igualmente notable:  un 15 % en ese mismo periodo. En 2005 el precio medio de la vivienda era de 1.841 \u20ac\/m2, veinte a\u00f1os despu\u00e9s es de 2.127 \u20ac\/m2, un 15,5% m\u00e1s.<\/p>   <p>En otras partes de Espa\u00f1a el precio ha bajado<\/p>   <p>A inicio de 2025, Baleares es la comunidad que m\u00e1s aumenta su precio acumulado desde 2005, con un incremento del 124,1%, seguida de Canarias (59,4%), Madrid (23,1%), Comunitat Valenciana (15,5%), Galicia (11,3%), Navarra (5,7%) y Andaluc\u00eda (4,9%).<\/p>   <p>     .c-w{         max-width:444px;         width:100%;         margin:32px auto;      background:#00755E;         border-radius:4px;         display:flex;         align-items:center;         justify-content:center;     }     .c-w a{         display:flex;         align-items:center;         justify-content:center;         padding:4px 24px;     }     .c-w img{         width:24px;         margin-right:12px;     }     .c-w p{         font:18px\/25px Poppins;         text-align:center;         color:#fff;         margin:0;     }     @media (max-width:444px){         .c-w a{             padding:4px 12px;         }         .c-w img{             width:24px;             margin-right:8px;         }         .c-w p{             font:14px\/25px Poppins;         }     }     @media (max-width:335px){         .c-w p{             font:13px\/25px Poppins;         }     }  <div class=\"c-w\">     <a href=\"https:\/\/www.whatsapp.com\/channel\/0029Va633PF9WtC4l7XUzh1e\" rel=\"nofollow\" target=\"_blank\">         <img decoding=\"async\" src=\"https:\/\/cadenaser.com\/estaticos\/recursosgraficos\/responsive\/img\/ico-whatsapp.svg\" alt=\"Whatsapp\">         <p>\u00danete al <b>canal de WhatsApp<\/b> de la SER<\/p>     <\/a> <\/div><\/p>   <p>En el lado opuesto, La Rioja (-29,7%), Castilla-La Mancha (-28,5%), Regi\u00f3n de Murcia (-22,7%), Pa\u00eds Vasco (-16,1%), Extremadura (-14%), Asturias (-14,6%), Arag\u00f3n (-31,4%), Castilla y Le\u00f3n (-11,8%), Catalu\u00f1a (-0,7%) y Cantabria (-4,5%) son las comunidades que han experimentado las mayores ca\u00eddas acumuladas en el precio de la vivienda en estos \u00faltimos 20 a\u00f1os.<\/p> ","protected":false},"excerpt":{"rendered":"<p>Seg\u00fan los datos del portal inmobiliario Fotocasa<\/p>\n","protected":false},"author":0,"featured_media":12639,"comment_status":"open","ping_status":"open","sticky":false,"template":"","format":"standard","meta":{"_acf_changed":false,"footnotes":""},"categories":[1],"tags":[],"class_list":["post-12638","post","type-post","status-publish","format-standard","has-post-thumbnail","hentry","category-sin-categoria"],"acf":{"ser_id":"WTYT22JZERCQTANPSRLS6ULYDY","ser_url":"https:\/\/cadenaser.com\/comunitat-valenciana\/2025\/02\/05\/la-vivienda-de-segunda-mano-en-benidorm-en-un-29-5-mas-cara-que-hace-20-anos-radio-benidorm\/"},"_links":{"self":[{"href":"https:\/\/serbenidorm.daliisolutions.com\/index.php\/wp-json\/wp\/v2\/posts\/12638","targetHints":{"allow":["GET"]}}],"collection":[{"href":"https:\/\/serbenidorm.daliisolutions.com\/index.php\/wp-json\/wp\/v2\/posts"}],"about":[{"href":"https:\/\/serbenidorm.daliisolutions.com\/index.php\/wp-json\/wp\/v2\/types\/post"}],"replies":[{"embeddable":true,"href":"https:\/\/serbenidorm.daliisolutions.com\/index.php\/wp-json\/wp\/v2\/comments?post=12638"}],"version-history":[{"count":0,"href":"https:\/\/serbenidorm.daliisolutions.com\/index.php\/wp-json\/wp\/v2\/posts\/12638\/revisions"}],"wp:featuredmedia":[{"embeddable":true,"href":"https:\/\/serbenidorm.daliisolutions.com\/index.php\/wp-json\/wp\/v2\/media\/12639"}],"wp:attachment":[{"href":"https:\/\/serbenidorm.daliisolutions.com\/index.php\/wp-json\/wp\/v2\/media?parent=12638"}],"wp:term":[{"taxonomy":"category","embeddable":true,"href":"https:\/\/serbenidorm.daliisolutions.com\/index.php\/wp-json\/wp\/v2\/categories?post=12638"},{"taxonomy":"post_tag","embeddable":true,"href":"https:\/\/serbenidorm.daliisolutions.com\/index.php\/wp-json\/wp\/v2\/tags?post=12638"}],"curies":[{"name":"wp","href":"https:\/\/api.w.org\/{rel}","templated":true}]}}