{"id":12640,"date":"2025-02-05T13:23:36","date_gmt":"2025-02-05T12:23:36","guid":{"rendered":"https:\/\/serbenidorm.daliisolutions.com\/index.php\/2025\/02\/05\/los-antiguos-juzgados-de-benidorm-seran-del-ayuntamiento-estos-son-los-posibles-usos\/"},"modified":"2025-02-05T13:23:36","modified_gmt":"2025-02-05T12:23:36","slug":"los-antiguos-juzgados-de-benidorm-seran-del-ayuntamiento-estos-son-los-posibles-usos","status":"publish","type":"post","link":"https:\/\/serbenidorm.daliisolutions.com\/index.php\/2025\/02\/05\/los-antiguos-juzgados-de-benidorm-seran-del-ayuntamiento-estos-son-los-posibles-usos\/","title":{"rendered":"Los antiguos juzgados de Benidorm ser\u00e1n del Ayuntamiento: estos son los posibles usos"},"content":{"rendered":"  <p><div data-adtype=\"MLDB\"><\/div><\/p>   <p>Benidorm<\/p>   <p>La consellera de Hacienda, Ruth Merino, ha anunciado este mi\u00e9rcoles que la Generalitat va a ceder al Ayuntamiento de Benidorm los locales que albergaban los antiguos juzgados de la avenida Beniard\u00e0, una medida con la que el actual Consell \u00abatiende la petici\u00f3n que el Gobierno municipal ha venido reiterando a la Generalitat desde 2016\u00bb.<\/p>   <p>Merino tambi\u00e9n ha destacado que esta trasferencia implica un ahorro para la Generalitat de m\u00e1s de 101.000 euros por el IBI correspondiente a los treinta a\u00f1os de cesi\u00f3n previstos en el acuerdo: \u00abSe trata de unos locales en desuso que est\u00e1n ocasionando un perjuicio econ\u00f3mico a las cuentas de la Generalitat. Por ello hemos considerado conveniente priorizar la cesi\u00f3n, evitar su abandono y que permitir al Ayuntamiento poner estos locales a disposici\u00f3n del ciudadano\u00bb.<\/p>  <p><p>M\u00e1s informaci\u00f3n<\/p><figure><img loading=\"lazy\" decoding=\"async\" src=\"https:\/\/cadenaser.com\/resizer\/v2\/O37P7FIEOVGSTM7KTKHWN3HVYQ.jpg?auth=2ccdac6cc7b313c3177a8c63d3a3aa22fc20104f2b7cb5ab323864a722afa2a9&amp;quality=70&amp;width=360&amp;height=202&amp;smart=true\" width=\"820\" height=\"621\" \/><\/figure><ul><li><a href=\"https:\/\/cadenaser.com\/comunitat-valenciana\/2025\/02\/05\/la-vivienda-de-segunda-mano-en-benidorm-en-un-29-5-mas-cara-que-hace-20-anos-radio-benidorm\/\"><span>La vivienda de segunda mano en Benidorm es un 29 % m\u00e1s cara que hace 20 a\u00f1os<\/span><\/a><\/li><\/ul><\/p>   <p>Esta actuaci\u00f3n comprende la cesi\u00f3n de once locales de 1.250 m2 de los antiguos juzgados de Benidorm, ubicados en la Avenida Beniard\u00e0, 12, que llevaban diez a\u00f1os cerrados e inutilizados tras el traslado de los juzgados de primera instancia a las nuevas dependencias judiciales en el Passeig Tolls de la localidad alicantina.<\/p>   <p>Preguntado por los posibles usos de este espacio el alcalde de la ciudad, Toni P\u00e9rez, ha concretado que \u00abla extensi\u00f3n administrativa y los servicios del PROP que est\u00e1n justo enfrente, unos metros m\u00e1s arriba, es uno de los usos que perfectamente puede ir a esos nuevos locales\u00bb.<\/p>   <p>El primer edil tambi\u00e9n ha abierto la <a href=\"https:\/\/cadenaser.com\/tag\/benidorm\/a\/\" target=\"_blank\">posibilidad de explorar que parte de los locales se destinen a otros fines sociales o incluso se abran al movimiento vecinal<\/a> en funci\u00f3n de sus necesidades; proyectos cuya magnitud, en cualquier caso, habr\u00e1 que analizar en el futuro. <\/p>   <p>     .c-w{         max-width:444px;         width:100%;         margin:32px auto;      background:#00755E;         border-radius:4px;         display:flex;         align-items:center;         justify-content:center;     }     .c-w a{         display:flex;         align-items:center;         justify-content:center;         padding:4px 24px;     }     .c-w img{         width:24px;         margin-right:12px;     }     .c-w p{         font:18px\/25px Poppins;         text-align:center;         color:#fff;         margin:0;     }     @media (max-width:444px){         .c-w a{             padding:4px 12px;         }         .c-w img{             width:24px;             margin-right:8px;         }         .c-w p{             font:14px\/25px Poppins;         }     }     @media (max-width:335px){         .c-w p{             font:13px\/25px Poppins;         }     }  <div class=\"c-w\">     <a href=\"https:\/\/www.whatsapp.com\/channel\/0029Va633PF9WtC4l7XUzh1e\" rel=\"nofollow\" target=\"_blank\">         <img decoding=\"async\" src=\"https:\/\/cadenaser.com\/estaticos\/recursosgraficos\/responsive\/img\/ico-whatsapp.svg\" alt=\"Whatsapp\">         <p>\u00danete al <b>canal de WhatsApp<\/b> de la SER<\/p>     <\/a> <\/div><\/p> ","protected":false},"excerpt":{"rendered":"<p>La Generalitat anuncia la trasferencia durante 30 a\u00f1os de once locales de la avenida Beniard\u00e0<\/p>\n","protected":false},"author":0,"featured_media":12641,"comment_status":"open","ping_status":"open","sticky":false,"template":"","format":"standard","meta":{"_acf_changed":false,"footnotes":""},"categories":[1],"tags":[],"class_list":["post-12640","post","type-post","status-publish","format-standard","has-post-thumbnail","hentry","category-sin-categoria"],"acf":{"ser_id":"UCAETFW2RFFCVOHCDCVLMNTAOA","ser_url":"https:\/\/cadenaser.com\/comunitat-valenciana\/2025\/02\/05\/los-antiguos-juzgados-de-benidorm-seran-del-ayuntamiento-estos-son-los-posibles-usos-radio-benidorm\/"},"_links":{"self":[{"href":"https:\/\/serbenidorm.daliisolutions.com\/index.php\/wp-json\/wp\/v2\/posts\/12640","targetHints":{"allow":["GET"]}}],"collection":[{"href":"https:\/\/serbenidorm.daliisolutions.com\/index.php\/wp-json\/wp\/v2\/posts"}],"about":[{"href":"https:\/\/serbenidorm.daliisolutions.com\/index.php\/wp-json\/wp\/v2\/types\/post"}],"replies":[{"embeddable":true,"href":"https:\/\/serbenidorm.daliisolutions.com\/index.php\/wp-json\/wp\/v2\/comments?post=12640"}],"version-history":[{"count":0,"href":"https:\/\/serbenidorm.daliisolutions.com\/index.php\/wp-json\/wp\/v2\/posts\/12640\/revisions"}],"wp:featuredmedia":[{"embeddable":true,"href":"https:\/\/serbenidorm.daliisolutions.com\/index.php\/wp-json\/wp\/v2\/media\/12641"}],"wp:attachment":[{"href":"https:\/\/serbenidorm.daliisolutions.com\/index.php\/wp-json\/wp\/v2\/media?parent=12640"}],"wp:term":[{"taxonomy":"category","embeddable":true,"href":"https:\/\/serbenidorm.daliisolutions.com\/index.php\/wp-json\/wp\/v2\/categories?post=12640"},{"taxonomy":"post_tag","embeddable":true,"href":"https:\/\/serbenidorm.daliisolutions.com\/index.php\/wp-json\/wp\/v2\/tags?post=12640"}],"curies":[{"name":"wp","href":"https:\/\/api.w.org\/{rel}","templated":true}]}}