{"id":12671,"date":"2025-02-06T09:27:21","date_gmt":"2025-02-06T08:27:21","guid":{"rendered":"https:\/\/serbenidorm.daliisolutions.com\/index.php\/2025\/02\/06\/el-investigador-de-villajoyosa-antonio-selles-ii-premi-dinvestigacio-jaume-soler\/"},"modified":"2025-02-06T09:27:21","modified_gmt":"2025-02-06T08:27:21","slug":"el-investigador-de-villajoyosa-antonio-selles-ii-premi-dinvestigacio-jaume-soler","status":"publish","type":"post","link":"https:\/\/serbenidorm.daliisolutions.com\/index.php\/2025\/02\/06\/el-investigador-de-villajoyosa-antonio-selles-ii-premi-dinvestigacio-jaume-soler\/","title":{"rendered":"El investigador de Villajoyosa Antonio Sell\u00e9s, II Premi d\u2019Investigaci\u00f3 Jaume Soler"},"content":{"rendered":"  <p><div data-adtype=\"MLDB\"><\/div><\/p>   <p>La Vila Joiosa<\/p>   <p>El investigador Antonio Sell\u00e9s Rodr\u00edguez ha ganado la segunda edici\u00f3n del Premi d\u2019Investigaci\u00f3 Jaume Soler con un trabajo dedicado al salaz\u00f3n como actividad econ\u00f3mica tradicional en Villajoyosa.<\/p>   <p>El jurado ha valorado que el trabajo de investigaci\u00f3n <a href=\"https:\/\/cadenaser.com\/tag\/vila_joiosa\/a\/\" target=\"_blank\">\u201cSal, peix i tradici\u00f3: una an\u00e0lisi de la ind\u00fastria de la sala\u00f3 a la Vila\u201d<\/a> posee todos los ingredientes de una investigaci\u00f3n de calidad y, por ello, destaca en todos los aspectos valorados en la convocatoria del premio, adem\u00e1s, de poseer un buen planteamiento y una alta calidad metodol\u00f3gica y literaria. <\/p>   <p>Sell\u00e9s, profesor de instituto, ha contado en <a href=\"https:\/\/cadenaser.com\/tag\/comarca_la_marina_baixa\/a\/\" target=\"_blank\">La Ventana de la Marina Baixa <\/a>c\u00f3mo ha sido el proceso de elaboraci\u00f3n de esta investigaci\u00f3n de la que ha destacado su componente pedag\u00f3gico. Una lectura accesible a todos los p\u00fablicos y con interesantes matices sobre la historia de un producto que ahora se considera <i>gourmet<\/i> y durante tanto tiempo fue fruto de la supervivencia.<\/p>  <p><p>M\u00e1s informaci\u00f3n<\/p><figure><img loading=\"lazy\" decoding=\"async\" src=\"https:\/\/cadenaser.com\/resizer\/v2\/OQ522BJJYVDPHKVSU4LLC2F36A.jpg?auth=d69010e1051ee76d32ce9e4b042c13a0111594420fd4dbfb51f84a99d3ee0487&amp;quality=70&amp;width=360&amp;height=202&amp;smart=true\" width=\"820\" height=\"621\" \/><\/figure><ul><li><a href=\"https:\/\/cadenaser.com\/comunitat-valenciana\/2025\/02\/04\/premio-radio-benidorm-a-la-educacion-ies-lalmadrava-radio-benidorm\/\"><span>Premio Radio Benidorm a la Educaci\u00f3n: IES L\u2019Almadrava<\/span><\/a><\/li><\/ul><\/p>   <p>Este jueves a las 19:00 horas en Vilamuseu el investigador recibir\u00e1 el premio en un acto tras el cual impartir\u00e1 una conferencia sobre su trabajo.<\/p>   <p>Sobre el Premi Jaume Soler<\/p>   <p>En esta segunda edici\u00f3n han concurrido seis autores con siete trabajos dedicados a temas muy diferentes: las sendas de hilar esparto y c\u00e1\u00f1amo, la industria redera, la toponimia menor, el campamento militar romano, la alimentaci\u00f3n romana, los salazones de pescado y la museolog\u00eda. <\/p>   <p>     .c-w{         max-width:444px;         width:100%;         margin:32px auto;      background:#00755E;         border-radius:4px;         display:flex;         align-items:center;         justify-content:center;     }     .c-w a{         display:flex;         align-items:center;         justify-content:center;         padding:4px 24px;     }     .c-w img{         width:24px;         margin-right:12px;     }     .c-w p{         font:18px\/25px Poppins;         text-align:center;         color:#fff;         margin:0;     }     @media (max-width:444px){         .c-w a{             padding:4px 12px;         }         .c-w img{             width:24px;             margin-right:8px;         }         .c-w p{             font:14px\/25px Poppins;         }     }     @media (max-width:335px){         .c-w p{             font:13px\/25px Poppins;         }     }  <div class=\"c-w\">     <a href=\"https:\/\/www.whatsapp.com\/channel\/0029Va633PF9WtC4l7XUzh1e\" rel=\"nofollow\" target=\"_blank\">         <img decoding=\"async\" src=\"https:\/\/cadenaser.com\/estaticos\/recursosgraficos\/responsive\/img\/ico-whatsapp.svg\" alt=\"Whatsapp\">         <p>\u00danete al <b>canal de WhatsApp<\/b> de la SER<\/p>     <\/a> <\/div><\/p>   <p>El jurado ha destacado la alta calidad cient\u00edfica y literaria de la gran mayor\u00eda de los trabajos, as\u00ed como el hecho de que cuatro de los siete trabajos est\u00e9n redactados en valenciano, \u00ablo que supone un indicador de la pujanza de esta lengua en el \u00e1mbito de la investigaci\u00f3n\u00bb.<\/p>   <p>El premio est\u00e1 dotado con 2.500 euros y lleva el nombre de Jaume Soler por su destacada contribuci\u00f3n a la conservaci\u00f3n de la memoria hist\u00f3rica de Villajoyosa y su comarca.<\/p> ","protected":false},"excerpt":{"rendered":"<p>Por su trabajo sobre la industria de la salaz\u00f3n<\/p>\n","protected":false},"author":0,"featured_media":12672,"comment_status":"open","ping_status":"open","sticky":false,"template":"","format":"standard","meta":{"_acf_changed":false,"footnotes":""},"categories":[1],"tags":[],"class_list":["post-12671","post","type-post","status-publish","format-standard","has-post-thumbnail","hentry","category-sin-categoria"],"acf":{"ser_id":"FGWL33BKH5CCBIC2Y26PXNB4OI","ser_url":"https:\/\/cadenaser.com\/comunitat-valenciana\/2025\/02\/05\/el-investigador-de-villajoyosa-antonio-selles-ii-premi-dinvestigacio-jaume-soler-radio-benidorm\/"},"_links":{"self":[{"href":"https:\/\/serbenidorm.daliisolutions.com\/index.php\/wp-json\/wp\/v2\/posts\/12671","targetHints":{"allow":["GET"]}}],"collection":[{"href":"https:\/\/serbenidorm.daliisolutions.com\/index.php\/wp-json\/wp\/v2\/posts"}],"about":[{"href":"https:\/\/serbenidorm.daliisolutions.com\/index.php\/wp-json\/wp\/v2\/types\/post"}],"replies":[{"embeddable":true,"href":"https:\/\/serbenidorm.daliisolutions.com\/index.php\/wp-json\/wp\/v2\/comments?post=12671"}],"version-history":[{"count":0,"href":"https:\/\/serbenidorm.daliisolutions.com\/index.php\/wp-json\/wp\/v2\/posts\/12671\/revisions"}],"wp:featuredmedia":[{"embeddable":true,"href":"https:\/\/serbenidorm.daliisolutions.com\/index.php\/wp-json\/wp\/v2\/media\/12672"}],"wp:attachment":[{"href":"https:\/\/serbenidorm.daliisolutions.com\/index.php\/wp-json\/wp\/v2\/media?parent=12671"}],"wp:term":[{"taxonomy":"category","embeddable":true,"href":"https:\/\/serbenidorm.daliisolutions.com\/index.php\/wp-json\/wp\/v2\/categories?post=12671"},{"taxonomy":"post_tag","embeddable":true,"href":"https:\/\/serbenidorm.daliisolutions.com\/index.php\/wp-json\/wp\/v2\/tags?post=12671"}],"curies":[{"name":"wp","href":"https:\/\/api.w.org\/{rel}","templated":true}]}}