{"id":12673,"date":"2025-02-06T12:34:17","date_gmt":"2025-02-06T11:34:17","guid":{"rendered":"https:\/\/serbenidorm.daliisolutions.com\/index.php\/2025\/02\/06\/los-hoteleros-de-benidorm-y-la-comunitat-valenciana-contra-la-reduccion-de-la-jornada-laboral\/"},"modified":"2025-02-06T12:34:17","modified_gmt":"2025-02-06T11:34:17","slug":"los-hoteleros-de-benidorm-y-la-comunitat-valenciana-contra-la-reduccion-de-la-jornada-laboral","status":"publish","type":"post","link":"https:\/\/serbenidorm.daliisolutions.com\/index.php\/2025\/02\/06\/los-hoteleros-de-benidorm-y-la-comunitat-valenciana-contra-la-reduccion-de-la-jornada-laboral\/","title":{"rendered":"Los hoteleros de Benidorm y la Comunitat Valenciana, contra la reducci\u00f3n de la jornada laboral"},"content":{"rendered":"  <p><div data-adtype=\"MLDB\"><\/div><\/p>   <p>Benidorm<\/p>   <p>Despu\u00e9s de que el sector tur\u00edstico haya cerrado un a\u00f1o hist\u00f3rico como se puedo se relieve en la \u00faltima Feria Internacional de Turismo de Madrid (Fitur), la patronal hotelera de Benidorm y la Comunitat Valenciana (Hosbec) se ha mostrado este jueves radicalmente en contra de la propuesta del gobierno de reducir la jornada de trabajo a 37 horas y media.<\/p>   <p>Los empresarios tur\u00edsticos han alertado as\u00ed sobre el incremento de los costes, su repercusi\u00f3n en el IPC y los precios, as\u00ed como la merma de competitividad en su sector: <a href=\"https:\/\/cadenaser.com\/tag\/benidorm\/a\/\" target=\"_blank\">\u00abNo tiene en cuenta el r\u00e9gimen de trabajo a turnos para las empresas, como las hoteleras que operan 24\/7\u00bb<\/a>, lamenta su presidente Fede Fuster.<\/p>  <p><p>M\u00e1s informaci\u00f3n<\/p><figure><img loading=\"lazy\" decoding=\"async\" src=\"https:\/\/cadenaser.com\/resizer\/v2\/ETN2ZU3N2TZHOVEGSZD7PLAYPA.jpg?auth=c7ea036de2021f5d42d0c88681df352021126d202af39e2b0fea73bf95635262&amp;quality=70&amp;width=360&amp;height=202&amp;smart=true\" width=\"820\" height=\"621\" \/><\/figure><ul><li><a href=\"https:\/\/cadenaser.com\/comunitat-valenciana\/2025\/02\/03\/nuria-montes-regresa-a-hosbec-tras-su-paso-por-la-politica-radio-benidorm\/\"><span>Nuria Montes regresa a Hosbec tras su paso por la pol\u00edtica<\/span><\/a><\/li><\/ul><\/p>   <p>Hosbec aprovecha tambi\u00e9n para se\u00f1alar que va a \u00aboptar por mecanizar muchos procesos ante la falta de personal\u00bb y avisan que quieren minimizar el impacto de la nueva regulaci\u00f3n \u00abparticipando activamente tanto en CEOE como en la Confederaci\u00f3n Espa\u00f1ola de Hoteles y Alojamientos Tur\u00edsticos CEHAT para trabajar en los marcos de negociaci\u00f3n colectiva\u00bb.<\/p>   <p>Los turnos de ocho horas, la piedra angular<\/p>   <p>\u00abUna medida de este calado tomada al margen de la negociaci\u00f3n colectiva, que es donde se produce el verdadero di\u00e1logo social, es temeraria y va a afectar a nuestra competitividad\u00bb, ha subrayado Fuster anticipando problemas a la hora de abordar nuevos convenios colectivos.<\/p>   <p>Una de las mayores preocupaciones de los hoteleros, insisten, es que los turnos de ocho horas son necesarios para encajar los ritmos de producci\u00f3n: \u00abPor eso tendremos que ver la letra peque\u00f1a de esta reforma laboral y de qu\u00e9 manera se va a encajar con lo ya pactado en los convenios colectivos\u00bb.<\/p>   <p>     .c-w{         max-width:444px;         width:100%;         margin:32px auto;      background:#00755E;         border-radius:4px;         display:flex;         align-items:center;         justify-content:center;     }     .c-w a{         display:flex;         align-items:center;         justify-content:center;         padding:4px 24px;     }     .c-w img{         width:24px;         margin-right:12px;     }     .c-w p{         font:18px\/25px Poppins;         text-align:center;         color:#fff;         margin:0;     }     @media (max-width:444px){         .c-w a{             padding:4px 12px;         }         .c-w img{             width:24px;             margin-right:8px;         }         .c-w p{             font:14px\/25px Poppins;         }     }     @media (max-width:335px){         .c-w p{             font:13px\/25px Poppins;         }     }  <div class=\"c-w\">     <a href=\"https:\/\/www.whatsapp.com\/channel\/0029Va633PF9WtC4l7XUzh1e\" rel=\"nofollow\" target=\"_blank\">         <img decoding=\"async\" src=\"https:\/\/cadenaser.com\/estaticos\/recursosgraficos\/responsive\/img\/ico-whatsapp.svg\" alt=\"Whatsapp\">         <p>\u00danete al <b>canal de WhatsApp<\/b> de la SER<\/p>     <\/a> <\/div><\/p> ","protected":false},"excerpt":{"rendered":"<p>Hosbec rechaza la propuesta del gobierno y alerta de un incremento de precios<\/p>\n","protected":false},"author":0,"featured_media":12674,"comment_status":"open","ping_status":"open","sticky":false,"template":"","format":"standard","meta":{"_acf_changed":false,"footnotes":""},"categories":[1],"tags":[],"class_list":["post-12673","post","type-post","status-publish","format-standard","has-post-thumbnail","hentry","category-sin-categoria"],"acf":{"ser_id":"BNLEKOYSHZBPZO5PDKOL4CQFOY","ser_url":"https:\/\/cadenaser.com\/comunitat-valenciana\/2025\/02\/06\/los-hoteleros-de-benidorm-y-la-comunitat-valenciana-contra-la-reduccion-de-la-jornada-laboral-radio-benidorm\/"},"_links":{"self":[{"href":"https:\/\/serbenidorm.daliisolutions.com\/index.php\/wp-json\/wp\/v2\/posts\/12673","targetHints":{"allow":["GET"]}}],"collection":[{"href":"https:\/\/serbenidorm.daliisolutions.com\/index.php\/wp-json\/wp\/v2\/posts"}],"about":[{"href":"https:\/\/serbenidorm.daliisolutions.com\/index.php\/wp-json\/wp\/v2\/types\/post"}],"replies":[{"embeddable":true,"href":"https:\/\/serbenidorm.daliisolutions.com\/index.php\/wp-json\/wp\/v2\/comments?post=12673"}],"version-history":[{"count":0,"href":"https:\/\/serbenidorm.daliisolutions.com\/index.php\/wp-json\/wp\/v2\/posts\/12673\/revisions"}],"wp:featuredmedia":[{"embeddable":true,"href":"https:\/\/serbenidorm.daliisolutions.com\/index.php\/wp-json\/wp\/v2\/media\/12674"}],"wp:attachment":[{"href":"https:\/\/serbenidorm.daliisolutions.com\/index.php\/wp-json\/wp\/v2\/media?parent=12673"}],"wp:term":[{"taxonomy":"category","embeddable":true,"href":"https:\/\/serbenidorm.daliisolutions.com\/index.php\/wp-json\/wp\/v2\/categories?post=12673"},{"taxonomy":"post_tag","embeddable":true,"href":"https:\/\/serbenidorm.daliisolutions.com\/index.php\/wp-json\/wp\/v2\/tags?post=12673"}],"curies":[{"name":"wp","href":"https:\/\/api.w.org\/{rel}","templated":true}]}}