{"id":1269,"date":"2024-01-10T13:46:18","date_gmt":"2024-01-10T12:46:18","guid":{"rendered":"https:\/\/serbenidorm.daliisolutions.com\/index.php\/2024\/01\/10\/el-psoe-de-benidorm-denuncia-que-los-presupuestos-de-la-generalitat-se-olvidan-de-los-grandes-proyectos-para-la-ciudad\/"},"modified":"2024-01-10T13:46:18","modified_gmt":"2024-01-10T12:46:18","slug":"el-psoe-de-benidorm-denuncia-que-los-presupuestos-de-la-generalitat-se-olvidan-de-los-grandes-proyectos-para-la-ciudad","status":"publish","type":"post","link":"https:\/\/serbenidorm.daliisolutions.com\/index.php\/2024\/01\/10\/el-psoe-de-benidorm-denuncia-que-los-presupuestos-de-la-generalitat-se-olvidan-de-los-grandes-proyectos-para-la-ciudad\/","title":{"rendered":"El PSOE de Benidorm denuncia que los presupuestos de la Generalitat \u00abse olvidan de los grandes proyectos para la ciudad\u00bb"},"content":{"rendered":"  <p>Benidorm<\/p>   <p>El diputado del PSPV-PSOE en Les Corts, <a href=\"https:\/\/cadenaser.com\/tag\/pspv_psoe_partido_socialista_pais_valencia\/a\/\" target=\"_blank\" rel=\"noopener\">Mario Villar<\/a>, ha denunciado que los primeros presupuestos de Maz\u00f3n \u00absuponen un hachazo y una burla para los alicantinos y para los benidormenses\u00bb. <\/p>   <p>\u00abEl se\u00f1or Maz\u00f3n ha puesto en marcha unos presupuestos muy negativos para la provincia de Alicante con un recorte de 124 millones de euros respecto a 2023, y que se olvidan de la mayor\u00eda de promesas electorales y proyectos para Benidorm\u00bb, ha asegurado.<\/p>   <p>As\u00ed, Villar critica que \u00abtras ocho a\u00f1os de inversiones y ayudas del Consell de Ximo Puig para la ciudad, ahora nos encontramos con unas cuentas auton\u00f3micas en las que no hay ni rastro de la segunda fase del Centro Cultural ni del centro de salud para el barrio de Els Tolls anunciado en campa\u00f1a por el PP, y tampoco hay partida para hacer frente a los 14 millones de euros de inversi\u00f3n necesaria para ejecutar las obras del IES Pere Maria Orts i Bosch\u00bb. <\/p>   <p><p>M\u00e1s informaci\u00f3n<\/p><figure><img decoding=\"async\" src=\"https:\/\/cadenaser.com\/resizer\/B8gEDC0rDDvGUJtE8WCpaFphV-E=\/650x366\/filters:quality(70)\/cloudfront-eu-central-1.images.arcpublishing.com\/prisaradio\/5SSXG6JZXVEZVDJCWHHXUA6HII.jpg\" loading=\"lazy\" width=\"828\" height=\"621\" \/><\/figure><ul><li><a href=\"https:\/\/cadenaser.com\/comunitat-valenciana\/2023\/10\/30\/la-conselleria-con-sede-en-alicante-tendra-un-presupuesto-de-530-millones-de-euros-radio-alicante\/\">La Conselleria de Innovaci\u00f3n, Industria, Comercio y Turismo tendr\u00e1 un presupuesto de 530 millones de euros<\/a><\/li><\/ul><\/p>   <p>Lo \u00fanico que hay en estos presupuestos, ha continuado el diputado, son proyectos heredados del ejecutivo de Puig como la creaci\u00f3n de un nuevo CdT con consignaci\u00f3n para la redacci\u00f3n del proyecto o para continuar con \u00abel gran \u00e9xito del Benidorm Fest\u00bb. <\/p>   <p>Recortes en Turismo<\/p>   <p>El parlamentario socialista tambi\u00e9n lamenta que en el \u00e1rea donde \u00abnos jugamos el futuro de la econom\u00eda valenciana en general y de Benidorm en particular\u00bb, como es la Innovaci\u00f3n, Industria, Comercio y Turismo, el gobierno del PP de Maz\u00f3n recorte el presupuesto de la Generalitat un 20,5 %\u00bb. <\/p>   <p>Adem\u00e1s, Villar ha incidido en que Benidorm puede ser uno de los grandes perjudicados del recorte de un 20 % del presupuesto de la Generalitat destinado a desarrollar pol\u00edticas de Turismo: \u00abDespu\u00e9s del gran esfuerzo realizado por el Consell de Ximo Puig, en este \u00e1mbito se empiezan a modificar pol\u00edticas de \u00e9xito como fue el bono viaje, donde Benidorm fue el primer destino elegido por los valencianos para sus estancias\u00bb.<\/p> ","protected":false},"excerpt":{"rendered":"<p>El diputado socialista critica que en las cuentas auton\u00f3micas no hay \u00abni rastro\u00bb de la segunda fase del Centro Cultural, del centro de salud de Els Tolls o partida para iniciar las obras del IES Pere Maria Orts i Bosch valoradas en 14 millones<\/p>\n","protected":false},"author":0,"featured_media":1270,"comment_status":"open","ping_status":"open","sticky":false,"template":"","format":"standard","meta":{"_acf_changed":false,"footnotes":""},"categories":[1],"tags":[],"class_list":["post-1269","post","type-post","status-publish","format-standard","has-post-thumbnail","hentry","category-sin-categoria"],"acf":{"ser_id":"5QMGWK2AERA2NBH6JWD5IPYWIU","ser_url":"https:\/\/cadenaser.com\/comunitat-valenciana\/2024\/01\/10\/el-psoe-de-benidorm-denuncia-que-los-presupuestos-de-la-generalitat-se-olvidan-de-los-grandes-proyectos-para-la-ciudad-radio-benidorm\/"},"_links":{"self":[{"href":"https:\/\/serbenidorm.daliisolutions.com\/index.php\/wp-json\/wp\/v2\/posts\/1269","targetHints":{"allow":["GET"]}}],"collection":[{"href":"https:\/\/serbenidorm.daliisolutions.com\/index.php\/wp-json\/wp\/v2\/posts"}],"about":[{"href":"https:\/\/serbenidorm.daliisolutions.com\/index.php\/wp-json\/wp\/v2\/types\/post"}],"replies":[{"embeddable":true,"href":"https:\/\/serbenidorm.daliisolutions.com\/index.php\/wp-json\/wp\/v2\/comments?post=1269"}],"version-history":[{"count":0,"href":"https:\/\/serbenidorm.daliisolutions.com\/index.php\/wp-json\/wp\/v2\/posts\/1269\/revisions"}],"wp:featuredmedia":[{"embeddable":true,"href":"https:\/\/serbenidorm.daliisolutions.com\/index.php\/wp-json\/wp\/v2\/media\/1270"}],"wp:attachment":[{"href":"https:\/\/serbenidorm.daliisolutions.com\/index.php\/wp-json\/wp\/v2\/media?parent=1269"}],"wp:term":[{"taxonomy":"category","embeddable":true,"href":"https:\/\/serbenidorm.daliisolutions.com\/index.php\/wp-json\/wp\/v2\/categories?post=1269"},{"taxonomy":"post_tag","embeddable":true,"href":"https:\/\/serbenidorm.daliisolutions.com\/index.php\/wp-json\/wp\/v2\/tags?post=1269"}],"curies":[{"name":"wp","href":"https:\/\/api.w.org\/{rel}","templated":true}]}}