{"id":12710,"date":"2025-02-07T08:47:34","date_gmt":"2025-02-07T07:47:34","guid":{"rendered":"https:\/\/serbenidorm.daliisolutions.com\/index.php\/2025\/02\/07\/altea-pierde-el-centro-de-dia-y-compromis-y-psoe-haran-frente-comun-en-les-corts\/"},"modified":"2025-02-07T08:47:34","modified_gmt":"2025-02-07T07:47:34","slug":"altea-pierde-el-centro-de-dia-y-compromis-y-psoe-haran-frente-comun-en-les-corts","status":"publish","type":"post","link":"https:\/\/serbenidorm.daliisolutions.com\/index.php\/2025\/02\/07\/altea-pierde-el-centro-de-dia-y-compromis-y-psoe-haran-frente-comun-en-les-corts\/","title":{"rendered":"Altea pierde el centro de d\u00eda y Comprom\u00eds y PSOE har\u00e1n frente com\u00fan en Les Corts"},"content":{"rendered":"  <p><div data-adtype=\"MLDB\"><\/div><\/p>   <p>Altea<\/p>   <p>La Generalitat Valenciana cierra la puerta de forma definitiva a financiar el centro de d\u00eda de Altea despu\u00e9s de los sucesivos retrasos del ayuntamiento para empezar a ejecutar el proyecto. La Conselleria de Bienestar Social no conceder\u00e1 m\u00e1s pr\u00f3rrogas y los partidos que gobiernan en coalici\u00f3n en la villa blanca anuncian un frente com\u00fan en las cortes valencianas para luchar por la subvenci\u00f3n de 2,4 millones de euros perdida.<\/p>   <p>En enero<a href=\"https:\/\/cadenaser.com\/comunitat-valenciana\/2025\/01\/09\/la-generalitat-no-da-mas-prorrogas-a-altea-y-complica-mucho-el-futuro-centro-de-dia-radio-benidorm\/\" target=\"_blank\"> el pleno decidi\u00f3 alegar la decisi\u00f3n del Consell<\/a> con el apoyo incluso de la oposici\u00f3n, pero como advirtieron entonces desde las filas del PP se antojaba dif\u00edcil que la Conselleria diera m\u00e1s plazos: \u00abEl centro no est\u00e1 empezado, ni licitado, ni con el proyecto definitivo\u00bb, critic\u00f3 entonces la portavoz popular Roc\u00edo G\u00f3mez.<\/p>   <p>As\u00ed las cosas, el gobierno local y las formaciones que lo integran no tiran la toalla y llevar\u00e1 el asunto al parlamento auton\u00f3mico. La portavoz del PSPV-PSOE en materia de Personas Mayores en las Corts Valencianes, Silvia G\u00f3mez, ha asegurado que \u00ab<a href=\"https:\/\/cadenaser.com\/tag\/altea\/a\/\" target=\"_blank\">tenemos preparado una PNL, Proposici\u00f3n No de Ley, que hoy se presenta en lo que se exige a la Conselleria que rectifique<\/a>, que d\u00e9 cobertura y que acepte ampliaci\u00f3n de plazos para que este centro de d\u00eda sea una realidad\u00bb.<\/p>  <p><p>M\u00e1s informaci\u00f3n<\/p><figure><img loading=\"lazy\" decoding=\"async\" src=\"https:\/\/cadenaser.com\/resizer\/v2\/GCXAKL67CHC2LTK7AG7HAWMNHY.jpg?auth=bc3dbbe7f453635b885ceccc1dfba7df119488306b3847d5e83724ff5ccd0062&amp;quality=70&amp;width=360&amp;height=202&amp;smart=true\" width=\"820\" height=\"621\" \/><\/figure><ul><li><a href=\"https:\/\/cadenaser.com\/comunitat-valenciana\/2025\/02\/04\/el-paro-en-benidorm-y-la-marina-baixa-peor-que-hace-un-mes-y-mejor-que-hace-un-ano-radio-benidorm\/\"><span>El paro en Benidorm y la Marina Baixa, peor que hace un mes y mejor que hace un a\u00f1o<\/span><\/a><\/li><\/ul><\/p>   <p>La diputada de Comprom\u00eds de Les Corts, Natali Torres, afirma que \u201cdaremos apoyo a esta moci\u00f3n que present\u00f3 el Grupo Parlamentario Socialista para echar atr\u00e1s esta revocaci\u00f3n por que estaban en un plan participado y ahora vamos hacia un plan privatizado\u201d.<\/p>   <p>El alcalde de Altea, Diego Zaragoz\u00ed, ha cargado con dureza contra esta decisi\u00f3n que no s\u00f3lo deniega la pr\u00f3rroga, sino que retira al consistorio la delegaci\u00f3n de competencias que finalizaba en diciembre de 2025.<\/p>   <p>     .c-w{         max-width:444px;         width:100%;         margin:32px auto;      background:#00755E;         border-radius:4px;         display:flex;         align-items:center;         justify-content:center;     }     .c-w a{         display:flex;         align-items:center;         justify-content:center;         padding:4px 24px;     }     .c-w img{         width:24px;         margin-right:12px;     }     .c-w p{         font:18px\/25px Poppins;         text-align:center;         color:#fff;         margin:0;     }     @media (max-width:444px){         .c-w a{             padding:4px 12px;         }         .c-w img{             width:24px;             margin-right:8px;         }         .c-w p{             font:14px\/25px Poppins;         }     }     @media (max-width:335px){         .c-w p{             font:13px\/25px Poppins;         }     }  <div class=\"c-w\">     <a href=\"https:\/\/www.whatsapp.com\/channel\/0029Va633PF9WtC4l7XUzh1e\" rel=\"nofollow\" target=\"_blank\">         <img decoding=\"async\" src=\"https:\/\/cadenaser.com\/estaticos\/recursosgraficos\/responsive\/img\/ico-whatsapp.svg\" alt=\"Whatsapp\">         <p>\u00danete al <b>canal de WhatsApp<\/b> de la SER<\/p>     <\/a> <\/div><\/p> ","protected":false},"excerpt":{"rendered":"<p>La Generalitat no da m\u00e1s pr\u00f3rrogas al Ayuntamiento despu\u00e9s de a\u00f1os de retrasos<\/p>\n","protected":false},"author":0,"featured_media":12711,"comment_status":"open","ping_status":"open","sticky":false,"template":"","format":"standard","meta":{"_acf_changed":false,"footnotes":""},"categories":[1],"tags":[],"class_list":["post-12710","post","type-post","status-publish","format-standard","has-post-thumbnail","hentry","category-sin-categoria"],"acf":{"ser_id":"CMPBLY3BSRCAPNXYEFSR363DEY","ser_url":"https:\/\/cadenaser.com\/comunitat-valenciana\/2025\/02\/06\/altea-pierde-el-centro-de-dia-y-compromis-y-psoe-haran-frente-comun-en-les-corts-radio-benidorm\/"},"_links":{"self":[{"href":"https:\/\/serbenidorm.daliisolutions.com\/index.php\/wp-json\/wp\/v2\/posts\/12710","targetHints":{"allow":["GET"]}}],"collection":[{"href":"https:\/\/serbenidorm.daliisolutions.com\/index.php\/wp-json\/wp\/v2\/posts"}],"about":[{"href":"https:\/\/serbenidorm.daliisolutions.com\/index.php\/wp-json\/wp\/v2\/types\/post"}],"replies":[{"embeddable":true,"href":"https:\/\/serbenidorm.daliisolutions.com\/index.php\/wp-json\/wp\/v2\/comments?post=12710"}],"version-history":[{"count":0,"href":"https:\/\/serbenidorm.daliisolutions.com\/index.php\/wp-json\/wp\/v2\/posts\/12710\/revisions"}],"wp:featuredmedia":[{"embeddable":true,"href":"https:\/\/serbenidorm.daliisolutions.com\/index.php\/wp-json\/wp\/v2\/media\/12711"}],"wp:attachment":[{"href":"https:\/\/serbenidorm.daliisolutions.com\/index.php\/wp-json\/wp\/v2\/media?parent=12710"}],"wp:term":[{"taxonomy":"category","embeddable":true,"href":"https:\/\/serbenidorm.daliisolutions.com\/index.php\/wp-json\/wp\/v2\/categories?post=12710"},{"taxonomy":"post_tag","embeddable":true,"href":"https:\/\/serbenidorm.daliisolutions.com\/index.php\/wp-json\/wp\/v2\/tags?post=12710"}],"curies":[{"name":"wp","href":"https:\/\/api.w.org\/{rel}","templated":true}]}}