{"id":12712,"date":"2025-02-07T08:47:35","date_gmt":"2025-02-07T07:47:35","guid":{"rendered":"https:\/\/serbenidorm.daliisolutions.com\/index.php\/2025\/02\/07\/agenda-urbana-de-villajoyosa-estos-son-los-proyectos-de-la-proxima-decada\/"},"modified":"2025-02-07T08:47:35","modified_gmt":"2025-02-07T07:47:35","slug":"agenda-urbana-de-villajoyosa-estos-son-los-proyectos-de-la-proxima-decada","status":"publish","type":"post","link":"https:\/\/serbenidorm.daliisolutions.com\/index.php\/2025\/02\/07\/agenda-urbana-de-villajoyosa-estos-son-los-proyectos-de-la-proxima-decada\/","title":{"rendered":"Agenda Urbana de Villajoyosa: estos son los proyectos de la pr\u00f3xima d\u00e9cada"},"content":{"rendered":"  <p><div data-adtype=\"MLDB\"><\/div><\/p>   <p>La Vila Joiosa<\/p>   <p>Este jueves se han presentado los proyectos m\u00e1s destacados que se llevar\u00e1n a cabo en Villajoyosa durante los pr\u00f3ximos diez a\u00f1os y para los que se cifra una inversi\u00f3n de 105.985.000 euros. Se trata de 41 proyectos incluidos en la Agenda Urbana, aprobada por el pleno, y que contar\u00e1n con financiaci\u00f3n municipal y supramunicipal.<\/p>   <p>Entre estos, se han seleccionado los m\u00e1s urgentes que forman parte del Plan de Acci\u00f3n Integral (PAI) y para los que se optar\u00e1 este mes de febrero a<a href=\"https:\/\/cadenaser.com\/tag\/vila_joiosa\/a\/\" target=\"_blank\"> 15 millones de euros del Plan de Estrategia de Desarrollo Integral Local (EDIL)<\/a>, financiado por fondos FEDER de la Uni\u00f3n Europea, que buscan fomentar el desarrollo sostenible en \u00e1reas urbanas y rurales.<\/p>  <p><p>M\u00e1s informaci\u00f3n<\/p><figure><img loading=\"lazy\" decoding=\"async\" src=\"https:\/\/cadenaser.com\/resizer\/v2\/E3EXLJAWZ5GSXFKOXSS2I6ZBW4.jpg?auth=778a14615332ef5fe9174963999acaaba01c62d181a32e4672953ec2a34ba1d4&amp;quality=70&amp;width=360&amp;height=202&amp;smart=true\" width=\"820\" height=\"621\" \/><\/figure><ul><li><a href=\"https:\/\/cadenaser.com\/comunitat-valenciana\/2025\/02\/06\/premio-radio-benidorm-en-cultura-associacio-xarciera-motle-i-malleta-de-la-vila-joiosa-radio-benidorm\/\"><span>Premio Radio Benidorm en Cultura: Associaci\u00f3 xarciera \u201cMotle i Malleta\u201d de La Vila Joiosa<\/span><\/a><\/li><\/ul><\/p>   <p>Estos proyectos contemplan la regeneraci\u00f3n y peatonalizaci\u00f3n de las calles del centro urbano con lo que se avanzar\u00e1 en la estrategia del centro comercial abierto y a cuya transformaci\u00f3n urbana se une la creaci\u00f3n de la Casa de la M\u00fasica y de una rotonda en la Creueta; la construcci\u00f3n de un puente peatonal y ciclable que unir\u00e1 el barrio hist\u00f3rico con el barrio del Poble Nou; la regeneraci\u00f3n de la zona natural urbana de La Cala, con actuaciones concretas en el parque de la calle Terral y las avenidas Maestral y Mariners de La Vila.<\/p>   <p>A todos estos hay que sumar la construcci\u00f3n de un tanque antitormenta y un parque inundable en la zona del PP-4 con el fin de canalizar las aguas del cauce del barranco del Refoio hacia el r\u00edo Amadorio; y la regeneraci\u00f3n urbana y social del barrio del Poble Nou, que incluir\u00e1 la construcci\u00f3n de viviendas sociales, la rehabilitaci\u00f3n del hospital asilo Santa Marta y del entorno f\u00edsico y urbano de la zona. Este plan tambi\u00e9n incluye ayudas para incentivar el empleo y el comercio local con subvenciones destinadas a emprendedores menores de 35 a\u00f1os y para mejorar la accesibilidad de los establecimientos.<\/p>   <p>A medio plazo<\/p>   <p>Zaragoza ha destacado tambi\u00e9n, entre los 41 proyectos de la Agenda Urbana, una estrategia de renaturalizaci\u00f3n del municipio con la que se avanzar\u00e1 en la sostenibilidad y la calidad de vida de los vecinos. Contempla la creaci\u00f3n de una red de m\u00e1s de 130 kil\u00f3metros de rutas verdes y la mejora ambiental de espacios naturales y de la movilidad sostenible. <\/p>   <p>     .c-w{         max-width:444px;         width:100%;         margin:32px auto;      background:#00755E;         border-radius:4px;         display:flex;         align-items:center;         justify-content:center;     }     .c-w a{         display:flex;         align-items:center;         justify-content:center;         padding:4px 24px;     }     .c-w img{         width:24px;         margin-right:12px;     }     .c-w p{         font:18px\/25px Poppins;         text-align:center;         color:#fff;         margin:0;     }     @media (max-width:444px){         .c-w a{             padding:4px 12px;         }         .c-w img{             width:24px;             margin-right:8px;         }         .c-w p{             font:14px\/25px Poppins;         }     }     @media (max-width:335px){         .c-w p{             font:13px\/25px Poppins;         }     }  <div class=\"c-w\">     <a href=\"https:\/\/www.whatsapp.com\/channel\/0029Va633PF9WtC4l7XUzh1e\" rel=\"nofollow\" target=\"_blank\">         <img decoding=\"async\" src=\"https:\/\/cadenaser.com\/estaticos\/recursosgraficos\/responsive\/img\/ico-whatsapp.svg\" alt=\"Whatsapp\">         <p>\u00danete al <b>canal de WhatsApp<\/b> de la SER<\/p>     <\/a> <\/div><\/p>   <p>El primer edil ha explicado que \u201cestas actuaciones transformar\u00e1n el entorno urbano y natural de Villajoyosa, ya que se mejorar\u00e1 la conexi\u00f3n entre la ciudad, la costa y las zonas forestales mediante nuevas rutas peatonales y ciclistas, se regenerar\u00e1n los entornos del r\u00edo Amadorio, el embalse de Amadorio, el r\u00edo Torres y el barranco del Xarco y se renaturalizar\u00e1 el entorno urbano con el objetivo de convertir Villajoyosa en una ciudad m\u00e1s verde, implementando nuevas zonas verdes y mejorando la calidad de las existentes\u201d. <\/p> ","protected":false},"excerpt":{"rendered":"<p>Suman una inversi\u00f3n de m\u00e1s de cien millones de eeuros<\/p>\n","protected":false},"author":0,"featured_media":12713,"comment_status":"open","ping_status":"open","sticky":false,"template":"","format":"standard","meta":{"_acf_changed":false,"footnotes":""},"categories":[1],"tags":[],"class_list":["post-12712","post","type-post","status-publish","format-standard","has-post-thumbnail","hentry","category-sin-categoria"],"acf":{"ser_id":"AHSXQDMXM5B5LGSBCP3NCFV57I","ser_url":"https:\/\/cadenaser.com\/comunitat-valenciana\/2025\/02\/06\/agenda-urbana-de-villajoyosa-estos-son-los-proyectos-de-la-proxima-decada-radio-benidorm\/"},"_links":{"self":[{"href":"https:\/\/serbenidorm.daliisolutions.com\/index.php\/wp-json\/wp\/v2\/posts\/12712","targetHints":{"allow":["GET"]}}],"collection":[{"href":"https:\/\/serbenidorm.daliisolutions.com\/index.php\/wp-json\/wp\/v2\/posts"}],"about":[{"href":"https:\/\/serbenidorm.daliisolutions.com\/index.php\/wp-json\/wp\/v2\/types\/post"}],"replies":[{"embeddable":true,"href":"https:\/\/serbenidorm.daliisolutions.com\/index.php\/wp-json\/wp\/v2\/comments?post=12712"}],"version-history":[{"count":0,"href":"https:\/\/serbenidorm.daliisolutions.com\/index.php\/wp-json\/wp\/v2\/posts\/12712\/revisions"}],"wp:featuredmedia":[{"embeddable":true,"href":"https:\/\/serbenidorm.daliisolutions.com\/index.php\/wp-json\/wp\/v2\/media\/12713"}],"wp:attachment":[{"href":"https:\/\/serbenidorm.daliisolutions.com\/index.php\/wp-json\/wp\/v2\/media?parent=12712"}],"wp:term":[{"taxonomy":"category","embeddable":true,"href":"https:\/\/serbenidorm.daliisolutions.com\/index.php\/wp-json\/wp\/v2\/categories?post=12712"},{"taxonomy":"post_tag","embeddable":true,"href":"https:\/\/serbenidorm.daliisolutions.com\/index.php\/wp-json\/wp\/v2\/tags?post=12712"}],"curies":[{"name":"wp","href":"https:\/\/api.w.org\/{rel}","templated":true}]}}