{"id":12714,"date":"2025-02-07T08:50:45","date_gmt":"2025-02-07T07:50:45","guid":{"rendered":"https:\/\/serbenidorm.daliisolutions.com\/index.php\/2025\/02\/07\/titanes-sin-barreras-el-primer-club-deportivo-inclusivo-de-benidorm\/"},"modified":"2025-02-07T08:50:45","modified_gmt":"2025-02-07T07:50:45","slug":"titanes-sin-barreras-el-primer-club-deportivo-inclusivo-de-benidorm","status":"publish","type":"post","link":"https:\/\/serbenidorm.daliisolutions.com\/index.php\/2025\/02\/07\/titanes-sin-barreras-el-primer-club-deportivo-inclusivo-de-benidorm\/","title":{"rendered":"Titanes sin Barreras, el primer club deportivo inclusivo de Benidorm"},"content":{"rendered":"  <p><div data-adtype=\"MLDB\"><\/div><\/p>   <p>Benidorm<\/p>   <p>El Ayuntamiento de Benidorm ha acogido esta ma\u00f1ana la presentaci\u00f3n oficial del club deportivo \u2018Titanes sin Barreras\u2019, la primera entidad de la ciudad destinada a que personas con discapacidad intelectual puedan practicar deporte de manera organizada.<\/p>   <p>La iniciativa, impulsada por Ben Atkinson y Manu Serrano, ha sido inscrita en el Registro Municipal de Asociaciones y Entidades, como ha anunciado el concejal de Deportes, Javier Jord\u00e1, quien ha garantizado \u201ctodo nuestro apoyo\u201d al proyecto.<\/p>   <p>Ben Atkinson, presidente del club, ha explicado que la idea naci\u00f3 hace cinco a\u00f1os cuando, junto a Manu Serrano, pensaron en crear un equipo de f\u00fatbol para j\u00f3venes que no pod\u00edan encontrar su sitio en los equipos convencionales.<\/p>   <p>\u201cEl a\u00f1o pasado logramos formar el primer equipo de f\u00fatbol adaptado y este a\u00f1o hemos dado un paso m\u00e1s con la creaci\u00f3n del club deportivo. A partir de ahora, se sumar\u00e1n m\u00e1s disciplinas adem\u00e1s del f\u00fatbol\u201d, ha se\u00f1alado Atkinson.<\/p>  <p><p>M\u00e1s informaci\u00f3n<\/p><figure><img loading=\"lazy\" decoding=\"async\" src=\"https:\/\/cadenaser.com\/resizer\/v2\/4A7ILCRKLZFKHOGVQUWXZ4VLVU.jpeg?auth=7a3aef0b35ca5efe71bec622270d7bd70ca25484888a5185416b8735c841c2c3&amp;quality=70&amp;width=360&amp;height=202&amp;smart=true\" width=\"820\" height=\"621\" \/><\/figure><ul><li><a href=\"https:\/\/cadenaser.com\/comunitat-valenciana\/2024\/05\/31\/el-deporte-inclusivo-de-la-marina-baixa-contado-por-sus-protagonistas-radio-benidorm\/\"><span>El deporte inclusivo de la Marina Baixa contado por sus protagonistas<\/span><\/a><\/li><\/ul><\/p>   <p>Por su parte, Manu Serrano ha destacado la importancia de ofrecer oportunidades a quienes tradicionalmente han sido excluidos del deporte competitivo. \u201cMi hijo siempre quiso jugar en un equipo de f\u00fatbol, pero era carne de banquillo\u201d, ha explicado emocionado. \u201cQuer\u00eda crear algo donde \u00e9l y otros chicos se sintieran \u00fatiles\u201d. Serrano ha remarcado que el objetivo principal del club es que cualquier persona con discapacidad intelectual \u201cpueda practicar el deporte que desee\u201d.<\/p>   <p>     .c-w{         max-width:444px;         width:100%;         margin:32px auto;      background:#00755E;         border-radius:4px;         display:flex;         align-items:center;         justify-content:center;     }     .c-w a{         display:flex;         align-items:center;         justify-content:center;         padding:4px 24px;     }     .c-w img{         width:24px;         margin-right:12px;     }     .c-w p{         font:18px\/25px Poppins;         text-align:center;         color:#fff;         margin:0;     }     @media (max-width:444px){         .c-w a{             padding:4px 12px;         }         .c-w img{             width:24px;             margin-right:8px;         }         .c-w p{             font:14px\/25px Poppins;         }     }     @media (max-width:335px){         .c-w p{             font:13px\/25px Poppins;         }     }  <div class=\"c-w\">     <a href=\"https:\/\/www.whatsapp.com\/channel\/0029Va633PF9WtC4l7XUzh1e\" rel=\"nofollow\" target=\"_blank\">         <img decoding=\"async\" src=\"https:\/\/cadenaser.com\/estaticos\/recursosgraficos\/responsive\/img\/ico-whatsapp.svg\" alt=\"Whatsapp\">         <p>\u00danete al <b>canal de WhatsApp<\/b> de la SER<\/p>     <\/a> <\/div><\/p>   <p>Actualmente, \u2018Titanes sin Barreras\u2019 cuenta con un equipo de f\u00fatbol y ya ha recibido propuestas para incorporar otras disciplinas como remo, petanca y gimnasia r\u00edtmica. \u201cEsto es solo el principio para hacer realidad el sue\u00f1o de la inclusi\u00f3n deportiva\u201d, ha a\u00f1adido Serrano. Adem\u00e1s de las actividades deportivas, el club tambi\u00e9n organiza encuentros de convivencia, comidas, cenas y actividades de baile para fomentar la integraci\u00f3n social.<\/p>   <p>La concejal de Bienestar Social, \u00c1ngela Zaragoz\u00ed, ha resaltado la importancia de iniciativas como esta para fomentar la inclusi\u00f3n. \u201cDesde nuestro departamento trabajamos para que todos tengan oportunidades, y el deporte es una herramienta fundamental para ello\u201d, ha indicado. Zaragoz\u00ed ha expresado su satisfacci\u00f3n \u201cporque los chicos y chicas puedan disfrutar de su tiempo libre sinti\u00e9ndose parte de un equipo\u201d.<\/p>   <p>Con esta iniciativa, Benidorm da un paso m\u00e1s hacia la inclusi\u00f3n, promoviendo el deporte como una v\u00eda para la integraci\u00f3n y el desarrollo personal de las personas con discapacidad intelectual.<\/p> ","protected":false},"excerpt":{"rendered":"<p>El nuevo club ofrece a personas con discapacidad intelectual la oportunidad de practicar deporte y fomentar la inclusi\u00f3n social<\/p>\n","protected":false},"author":0,"featured_media":12715,"comment_status":"open","ping_status":"open","sticky":false,"template":"","format":"standard","meta":{"_acf_changed":false,"footnotes":""},"categories":[16],"tags":[],"class_list":["post-12714","post","type-post","status-publish","format-standard","has-post-thumbnail","hentry","category-deportes"],"acf":{"ser_id":"OS2KEAFK75BBZJ6DX7C7IVJQCY","ser_url":"https:\/\/cadenaser.com\/comunitat-valenciana\/2025\/02\/06\/titanes-sin-barreras-el-primer-club-deportivo-inclusivo-de-benidorm-radio-benidorm\/"},"_links":{"self":[{"href":"https:\/\/serbenidorm.daliisolutions.com\/index.php\/wp-json\/wp\/v2\/posts\/12714","targetHints":{"allow":["GET"]}}],"collection":[{"href":"https:\/\/serbenidorm.daliisolutions.com\/index.php\/wp-json\/wp\/v2\/posts"}],"about":[{"href":"https:\/\/serbenidorm.daliisolutions.com\/index.php\/wp-json\/wp\/v2\/types\/post"}],"replies":[{"embeddable":true,"href":"https:\/\/serbenidorm.daliisolutions.com\/index.php\/wp-json\/wp\/v2\/comments?post=12714"}],"version-history":[{"count":0,"href":"https:\/\/serbenidorm.daliisolutions.com\/index.php\/wp-json\/wp\/v2\/posts\/12714\/revisions"}],"wp:featuredmedia":[{"embeddable":true,"href":"https:\/\/serbenidorm.daliisolutions.com\/index.php\/wp-json\/wp\/v2\/media\/12715"}],"wp:attachment":[{"href":"https:\/\/serbenidorm.daliisolutions.com\/index.php\/wp-json\/wp\/v2\/media?parent=12714"}],"wp:term":[{"taxonomy":"category","embeddable":true,"href":"https:\/\/serbenidorm.daliisolutions.com\/index.php\/wp-json\/wp\/v2\/categories?post=12714"},{"taxonomy":"post_tag","embeddable":true,"href":"https:\/\/serbenidorm.daliisolutions.com\/index.php\/wp-json\/wp\/v2\/tags?post=12714"}],"curies":[{"name":"wp","href":"https:\/\/api.w.org\/{rel}","templated":true}]}}