{"id":12716,"date":"2025-02-07T08:50:48","date_gmt":"2025-02-07T07:50:48","guid":{"rendered":"https:\/\/serbenidorm.daliisolutions.com\/index.php\/2025\/02\/07\/raul-gomez-bicampeon-provincial-junior-de-golf-apunta-a-la-junior-ryder-cup-2025\/"},"modified":"2025-02-07T08:50:48","modified_gmt":"2025-02-07T07:50:48","slug":"raul-gomez-bicampeon-provincial-junior-de-golf-apunta-a-la-junior-ryder-cup-2025","status":"publish","type":"post","link":"https:\/\/serbenidorm.daliisolutions.com\/index.php\/2025\/02\/07\/raul-gomez-bicampeon-provincial-junior-de-golf-apunta-a-la-junior-ryder-cup-2025\/","title":{"rendered":"Ra\u00fal G\u00f3mez, bicampe\u00f3n provincial j\u00fanior de golf, apunta a la Junior Ryder Cup 2025"},"content":{"rendered":"  <p><div data-adtype=\"MLDB\"><\/div><\/p>   <p>Ra\u00fal G\u00f3mez ha comenzado 2025 de la mejor manera posible: revalidando su t\u00edtulo de campe\u00f3n provincial j\u00fanior en el campo del Meli\u00e1 Villaitana de Benidorm, su segunda casa y el lugar donde dedica la mayor parte de su tiempo a entrenar. Con este triunfo, el joven golfista se consolida como una de las grandes promesas del golf espa\u00f1ol y europeo, con un claro objetivo en el horizonte: clasificarse para la Junior Ryder Cup 2025, que se disputar\u00e1 del 23 al 25 de septiembre en Nueva York.<\/p>   <p><b>Un t\u00edtulo con sabor especial<\/b><\/p>   <p>\u00abEstoy muy contento de haber ganado este torneo. El a\u00f1o pasado lo gan\u00e9 en Alicante Golf, pero este ha sido especial porque llevaba bastante tiempo sin lograr una victoria de este nivel\u00bb, coment\u00f3 G\u00f3mez en una entrevista concedida a SER Deportivos Marina Baixa.<\/p>   <p>Adem\u00e1s de revalidar su corona provincial, el golfista de 16 a\u00f1os logr\u00f3 bajar del par del campo, firmando una tarjeta de 212 golpes, cuatro bajo par, algo que valora especialmente: \u00abPara m\u00ed tiene m\u00e1s m\u00e9rito haber conseguido bajar del par del campo, porque mi objetivo en casi todos los torneos es precisamente ese: ganarle al campo\u00bb.<\/p>   <p><b>Compaginando estudios y entrenamientos<\/b><\/p>   <p>El golf no es solo talento, sino tambi\u00e9n esfuerzo y disciplina. Ra\u00fal G\u00f3mez entrena aproximadamente tres horas diarias en el campo y una hora y media de preparaci\u00f3n f\u00edsica. Todo ello lo compagina con sus estudios en un bachillerato americano que le permite una mayor flexibilidad en su organizaci\u00f3n acad\u00e9mica.<\/p>   <p>Su pr\u00f3ximo destino ya est\u00e1 fijado: la Universidad de Arizona State, una de las m\u00e1s prestigiosas del mundo en el \u00e1mbito del golf, por donde han pasado leyendas como Jon Rahm o Phil Mickelson. \u00abEs un sue\u00f1o hecho realidad. Poder estudiar y entrenar en la misma universidad que ellos es una gran oportunidad\u00bb, asegura.<\/p>   <p>     .c-w{         max-width:444px;         width:100%;         margin:32px auto;      background:#00755E;         border-radius:4px;         display:flex;         align-items:center;         justify-content:center;     }     .c-w a{         display:flex;         align-items:center;         justify-content:center;         padding:4px 24px;     }     .c-w img{         width:24px;         margin-right:12px;     }     .c-w p{         font:18px\/25px Poppins;         text-align:center;         color:#fff;         margin:0;     }     @media (max-width:444px){         .c-w a{             padding:4px 12px;         }         .c-w img{             width:24px;             margin-right:8px;         }         .c-w p{             font:14px\/25px Poppins;         }     }     @media (max-width:335px){         .c-w p{             font:13px\/25px Poppins;         }     }  <div class=\"c-w\">     <a href=\"https:\/\/www.whatsapp.com\/channel\/0029Va633PF9WtC4l7XUzh1e\" rel=\"nofollow\" target=\"_blank\">         <img decoding=\"async\" src=\"https:\/\/cadenaser.com\/estaticos\/recursosgraficos\/responsive\/img\/ico-whatsapp.svg\" alt=\"Whatsapp\">         <p>\u00danete al <b>canal de WhatsApp<\/b> de la SER<\/p>     <\/a> <\/div><\/p>   <p>Un 2025 cargado de retos<\/p>   <p>Tras su \u00e9xito en el campeonato provincial, G\u00f3mez pone el foco en la clasificaci\u00f3n para la Junior Ryder Cup. \u00abEs mi gran objetivo de la temporada. Intentar\u00e9 quedar en la mejor posici\u00f3n posible en los torneos puntuables para entrar en la selecci\u00f3n\u00bb, explica.<\/p>   <p>Tambi\u00e9n tiene en mente disputar el US Open y el British Open amateur, dos torneos que podr\u00edan consolidarlo como una de las grandes promesas del golf.<\/p>   <p>Su trayectoria ya impresiona: 22 top 10 en su carrera y una evoluci\u00f3n constante que lo sit\u00faa entre los m\u00e1s destacados de su generaci\u00f3n. \u00abClasificarme para la Junior Ryder Cup es factible y voy a luchar por ello\u00bb, afirma con determinaci\u00f3n. A sus 16 a\u00f1os, Ra\u00fal G\u00f3mez no solo es una promesa, sino un nombre que empieza a resonar con fuerza en el golf espa\u00f1ol e internacional.<\/p> ","protected":false},"excerpt":{"rendered":"<p>El joven golfista de La Nuc\u00eda busca clasificarse entre los seis mejores de Europa para competir en el torneo que se disputar\u00e1 en Nueva York<\/p>\n","protected":false},"author":0,"featured_media":12717,"comment_status":"open","ping_status":"open","sticky":false,"template":"","format":"standard","meta":{"_acf_changed":false,"footnotes":""},"categories":[16],"tags":[],"class_list":["post-12716","post","type-post","status-publish","format-standard","has-post-thumbnail","hentry","category-deportes"],"acf":{"ser_id":"KKH4FVBGDRH2TLKRH4PF63RJVY","ser_url":"https:\/\/cadenaser.com\/comunitat-valenciana\/2025\/02\/05\/raul-gomez-bicampeon-provincial-junior-de-golf-apunta-a-la-junior-ryder-cup-2025-radio-benidorm\/"},"_links":{"self":[{"href":"https:\/\/serbenidorm.daliisolutions.com\/index.php\/wp-json\/wp\/v2\/posts\/12716","targetHints":{"allow":["GET"]}}],"collection":[{"href":"https:\/\/serbenidorm.daliisolutions.com\/index.php\/wp-json\/wp\/v2\/posts"}],"about":[{"href":"https:\/\/serbenidorm.daliisolutions.com\/index.php\/wp-json\/wp\/v2\/types\/post"}],"replies":[{"embeddable":true,"href":"https:\/\/serbenidorm.daliisolutions.com\/index.php\/wp-json\/wp\/v2\/comments?post=12716"}],"version-history":[{"count":0,"href":"https:\/\/serbenidorm.daliisolutions.com\/index.php\/wp-json\/wp\/v2\/posts\/12716\/revisions"}],"wp:featuredmedia":[{"embeddable":true,"href":"https:\/\/serbenidorm.daliisolutions.com\/index.php\/wp-json\/wp\/v2\/media\/12717"}],"wp:attachment":[{"href":"https:\/\/serbenidorm.daliisolutions.com\/index.php\/wp-json\/wp\/v2\/media?parent=12716"}],"wp:term":[{"taxonomy":"category","embeddable":true,"href":"https:\/\/serbenidorm.daliisolutions.com\/index.php\/wp-json\/wp\/v2\/categories?post=12716"},{"taxonomy":"post_tag","embeddable":true,"href":"https:\/\/serbenidorm.daliisolutions.com\/index.php\/wp-json\/wp\/v2\/tags?post=12716"}],"curies":[{"name":"wp","href":"https:\/\/api.w.org\/{rel}","templated":true}]}}