{"id":12718,"date":"2025-02-07T08:50:50","date_gmt":"2025-02-07T07:50:50","guid":{"rendered":"https:\/\/serbenidorm.daliisolutions.com\/index.php\/2025\/02\/07\/dada-sobre-el-desafio-del-sporting-la-nucia-nos-ha-costado-mas-de-lo-que-deberia\/"},"modified":"2025-02-07T08:50:50","modified_gmt":"2025-02-07T07:50:50","slug":"dada-sobre-el-desafio-del-sporting-la-nucia-nos-ha-costado-mas-de-lo-que-deberia","status":"publish","type":"post","link":"https:\/\/serbenidorm.daliisolutions.com\/index.php\/2025\/02\/07\/dada-sobre-el-desafio-del-sporting-la-nucia-nos-ha-costado-mas-de-lo-que-deberia\/","title":{"rendered":"\u2018Dada\u2019 sobre el desaf\u00edo del Sporting La Nuc\u00eda: \u201cNos ha costado m\u00e1s de lo que deber\u00eda\u201d"},"content":{"rendered":"  <p><div data-adtype=\"MLDB\"><\/div><\/p>   <p>Benidorm<\/p>   <p>El Sporting La Nuc\u00eda vive una temporada complicada en su estreno en Segunda Divisi\u00f3n. Tras dos ascensos consecutivos, el equipo lucha por consolidarse en la categor\u00eda profesional y, seg\u00fan explica su entrenador, David \u2018Dada\u2019 Valverde, la adaptaci\u00f3n ha sido m\u00e1s dif\u00edcil de lo esperado. \u00abNos ha costado m\u00e1s de lo que deber\u00eda\u00bb, reconoce en la entrevista emitida este mi\u00e9rcoles en SER Deportivos Marina Baixa de Radio Benidorm.<\/p>   <p>El t\u00e9cnico admite que la racha ganadora de los \u00faltimos a\u00f1os pudo generar expectativas poco realistas dentro del vestuario. \u00abVenimos de temporadas en las que \u00e9ramos los m\u00e1s fuertes en casa, pero esta categor\u00eda es otra historia\u00bb, afirma. Pese a ello, defiende que el proyecto sigue un camino positivo y que la estructura del club ha crecido de forma notable en los \u00faltimos a\u00f1os.<\/p>   <p><b>Las claves de una temporada dif\u00edcil<\/b><\/p>   <p>Uno de los principales obst\u00e1culos que ha encontrado el equipo ha sido la falta de tiempo para reforzarse. \u00abAcabamos la temporada el 22 de junio, con poco margen para fichar. Sab\u00edamos que ten\u00edamos que pagar el canon de la categor\u00eda, y el salto es muy grande\u00bb, explica. Adem\u00e1s, reconoce que los refuerzos en el mercado de invierno han sido limitados, lo que dificulta la lucha por la permanencia.<\/p>   <p>Sobre el rendimiento del equipo en la primera vuelta, se\u00f1ala que, salvo en momentos puntuales, los jugadores han mostrado un alto compromiso. \u00abDoy un ocho de diez en entrega y esfuerzo. Pero esto es una categor\u00eda profesional y hay que darlo todo en cada partido\u00bb. De cara a la segunda mitad de la temporada, el objetivo es claro: sumar al menos siete victorias para asegurar la permanencia.<\/p>   <p><b>El papel de la afici\u00f3n y el respeto arbitral<\/b><\/p>   <p>El t\u00e9cnico tambi\u00e9n destaca la importancia de la afici\u00f3n en esta fase decisiva. \u00abMe gustar\u00eda ver un campo lleno. Hay sitios como Manzanares o Valdepe\u00f1as que dan envidia\u00bb, comenta. Asimismo, reconoce que el equipo todav\u00eda est\u00e1 gan\u00e1ndose el respeto en la categor\u00eda. \u00abSomos un club nuevo en Segunda y eso influye en decisiones arbitrales. Nadie pita en contra nuestra a prop\u00f3sito, pero es m\u00e1s f\u00e1cil que las decisiones nos perjudiquen\u00bb.<\/p>   <p>     .c-w{         max-width:444px;         width:100%;         margin:32px auto;      background:#00755E;         border-radius:4px;         display:flex;         align-items:center;         justify-content:center;     }     .c-w a{         display:flex;         align-items:center;         justify-content:center;         padding:4px 24px;     }     .c-w img{         width:24px;         margin-right:12px;     }     .c-w p{         font:18px\/25px Poppins;         text-align:center;         color:#fff;         margin:0;     }     @media (max-width:444px){         .c-w a{             padding:4px 12px;         }         .c-w img{             width:24px;             margin-right:8px;         }         .c-w p{             font:14px\/25px Poppins;         }     }     @media (max-width:335px){         .c-w p{             font:13px\/25px Poppins;         }     }  <div class=\"c-w\">     <a href=\"https:\/\/www.whatsapp.com\/channel\/0029Va633PF9WtC4l7XUzh1e\" rel=\"nofollow\" target=\"_blank\">         <img decoding=\"async\" src=\"https:\/\/cadenaser.com\/estaticos\/recursosgraficos\/responsive\/img\/ico-whatsapp.svg\" alt=\"Whatsapp\">         <p>\u00danete al <b>canal de WhatsApp<\/b> de la SER<\/p>     <\/a> <\/div><\/p>   <p>En la entrevista tambi\u00e9n hubo espacio para hablar sobre la cantera y el desarrollo del club a nivel estructural. La salida de Tobe, clave en el crecimiento de la base, supone un reto, pero el entrenador conf\u00eda en que la evoluci\u00f3n contin\u00fae. \u00abTenemos jugadores j\u00f3venes con los que podemos contar, aunque a\u00fan falta mucho camino por recorrer\u00bb.<\/p>   <p>Con la segunda vuelta en marcha, el Sporting La Nuc\u00eda afronta cada partido como una final en su lucha por la permanencia. \u00abNo estamos para coger un rotulador rojo y se\u00f1alar partidos clave. Tenemos que salir a ganar cada jornada\u00bb, concluye.<\/p>   <p><b>Escucha la entrevista completa en SER Deportivos Marina Baixa de Radio Benidorm.<\/b><\/p> ","protected":false},"excerpt":{"rendered":"<p>El t\u00e9cnico del equipo analiza en SER Deportivos Marina Baixa las dificultades de la temporada, la adaptaci\u00f3n a la categor\u00eda y el reto de la permanencia<\/p>\n","protected":false},"author":0,"featured_media":12719,"comment_status":"open","ping_status":"open","sticky":false,"template":"","format":"standard","meta":{"_acf_changed":false,"footnotes":""},"categories":[16],"tags":[],"class_list":["post-12718","post","type-post","status-publish","format-standard","has-post-thumbnail","hentry","category-deportes"],"acf":{"ser_id":"DN45ZXHZRNFF3KYFF46OJ7ZSZU","ser_url":"https:\/\/cadenaser.com\/comunitat-valenciana\/2025\/02\/05\/dada-sobre-el-desafio-del-sporting-la-nucia-nos-ha-costado-mas-de-lo-que-deberia-radio-benidorm\/"},"_links":{"self":[{"href":"https:\/\/serbenidorm.daliisolutions.com\/index.php\/wp-json\/wp\/v2\/posts\/12718","targetHints":{"allow":["GET"]}}],"collection":[{"href":"https:\/\/serbenidorm.daliisolutions.com\/index.php\/wp-json\/wp\/v2\/posts"}],"about":[{"href":"https:\/\/serbenidorm.daliisolutions.com\/index.php\/wp-json\/wp\/v2\/types\/post"}],"replies":[{"embeddable":true,"href":"https:\/\/serbenidorm.daliisolutions.com\/index.php\/wp-json\/wp\/v2\/comments?post=12718"}],"version-history":[{"count":0,"href":"https:\/\/serbenidorm.daliisolutions.com\/index.php\/wp-json\/wp\/v2\/posts\/12718\/revisions"}],"wp:featuredmedia":[{"embeddable":true,"href":"https:\/\/serbenidorm.daliisolutions.com\/index.php\/wp-json\/wp\/v2\/media\/12719"}],"wp:attachment":[{"href":"https:\/\/serbenidorm.daliisolutions.com\/index.php\/wp-json\/wp\/v2\/media?parent=12718"}],"wp:term":[{"taxonomy":"category","embeddable":true,"href":"https:\/\/serbenidorm.daliisolutions.com\/index.php\/wp-json\/wp\/v2\/categories?post=12718"},{"taxonomy":"post_tag","embeddable":true,"href":"https:\/\/serbenidorm.daliisolutions.com\/index.php\/wp-json\/wp\/v2\/tags?post=12718"}],"curies":[{"name":"wp","href":"https:\/\/api.w.org\/{rel}","templated":true}]}}