{"id":1272,"date":"2024-01-10T14:09:23","date_gmt":"2024-01-10T13:09:23","guid":{"rendered":"https:\/\/serbenidorm.daliisolutions.com\/index.php\/2024\/01\/10\/una-asociacion-ultracatolica-se-enfrenta-a-la-comunidad-educativa-de-lalfas-del-pi-por-unos-cursos-sobre-igualdad\/"},"modified":"2024-01-10T14:09:23","modified_gmt":"2024-01-10T13:09:23","slug":"una-asociacion-ultracatolica-se-enfrenta-a-la-comunidad-educativa-de-lalfas-del-pi-por-unos-cursos-sobre-igualdad","status":"publish","type":"post","link":"https:\/\/serbenidorm.daliisolutions.com\/index.php\/2024\/01\/10\/una-asociacion-ultracatolica-se-enfrenta-a-la-comunidad-educativa-de-lalfas-del-pi-por-unos-cursos-sobre-igualdad\/","title":{"rendered":"Una asociaci\u00f3n ultracat\u00f3lica se enfrenta a la comunidad educativa de l\u2019Alf\u00e0s del Pi por unos cursos sobre Igualdad"},"content":{"rendered":"  <p>Benidorm<\/p>   <p>La Asociaci\u00f3n de Abogados Cristianos ha decidido enfrentarse a <a href=\"https:\/\/cadenaser.com\/tag\/lalfas_del_pi\/a\/\" target=\"_blank\" rel=\"noopener\">la mayor\u00eda de la comunidad educativa de l\u2019Alf\u00e0s del Pi<\/a> pidiendo que se apliquen medidas cautelar\u00edsimas para suspender unos talleres que, seg\u00fan han asegurado, tienen el objetivo de adoctrinar e imponer la ideolog\u00eda de g\u00e9nero a los m\u00e1s peque\u00f1os.<\/p>   <p>Se trata de unos talleres incluidos en el Proyecto de Igualdad y Coeducaci\u00f3n impulsado por la concejal\u00eda de Educaci\u00f3n y que, como ha explicado la edil Laura Sevilla a <a href=\"\/\/radiobenidorm.es\" rel=\"nofollow noopener\" target=\"_blank\">Radio Benidorm<\/a>, \u201cforman parte de las actividades que cada a\u00f1o, antes del inicio del curso, se proponen desde el Consistorio a los Consejos Escolares de los tres colegios p\u00fablicos del municipio\u201d.<\/p>   <p>Sevilla, tambi\u00e9n responsable local de Igualdad, ha subrayado que son precisamente esos Consejos Escolares, compuestos por representantes de las familias, el alumnado y el profesorado de cada uno de los centros, los que \u201cdeciden por mayor\u00eda qu\u00e9 actividades aprueban y cu\u00e1les no\u201d.<\/p>   <p><p>M\u00e1s informaci\u00f3n<\/p><figure><img decoding=\"async\" src=\"https:\/\/cadenaser.com\/resizer\/jBusDJ0EnCBBmC8XhlJDtRzW0cg=\/650x366\/filters:quality(70)\/cloudfront-eu-central-1.images.arcpublishing.com\/prisaradio\/O5M2YQ2W25BOVOASQ4F7LOYXEI.jpeg\" loading=\"lazy\" width=\"828\" height=\"621\" \/><\/figure><ul><li><a href=\"https:\/\/cadenaser.com\/comunitat-valenciana\/2024\/01\/10\/lalfas-altea-y-benidorm-entre-las-localidades-de-la-comunitat-valenciana-con-la-vivienda-de-segunda-mano-mas-cara-radio-benidorm\/\">L&#8217;Alf\u00e0s, Altea y Benidorm, entre las localidades de la Comunitat Valenciana con la vivienda de segunda mano m\u00e1s cara<\/a><\/li><\/ul><\/p>   <p>En este caso concreto, los Consejos Escolares de los Colegios de Educaci\u00f3n Infantil y Primaria (CEIP) Sant\u00edsimo Cristo del Buen Acierto, Veles e Vents y Rac\u00f3 de l\u2019Albir, dieron el visto bueno a la iniciativa y, de hecho, los talleres ya se han completado en dos de los tres centros.<\/p>   <p>Sin embargo, ha sido en el \u00faltimo centro que restaba por hacerlos donde han surgido los problemas cuando \u201cdos familias han mostrado su disconformidad\u201d y provocando una nueva reacci\u00f3n por parte de Abogados Cristianos.<\/p>   <p>Un Consejo Escolar Extraordinario le vuelve a dar luz verde<\/p>   <p>En este sentido, Sevilla ha aclarado que \u201cla mayor\u00eda de los padres han dado su visto bueno a la realizaci\u00f3n de esta actividad\u201d, pero ante esta nueva situaci\u00f3n \u201cse decidi\u00f3 no impartir el taller y convocar un Consejo Escolar extraordinario en el centro afectado\u201d. Una reuni\u00f3n donde volvi\u00f3 a darse un apoyo mayoritario a la iniciativa y a la que \u201cla inspecci\u00f3n escolar invit\u00f3 a todas las familias a participar\u201d con el fin de recabar todas las sensibilidades posibles.<\/p>   <p>Laura Sevilla recuerda, adem\u00e1s, que \u201clos ayuntamientos no tenemos competencias\u201d en el \u00e1mbito de los curr\u00edculums educativos de los centros y que, m\u00e1s all\u00e1 de proponer actividades para que sean aprobadas por el Consejo Escolar, no tiene poder de decisi\u00f3n sobre su contenido del que, por otra parte, es conocedora la Conselleria de Educaci\u00f3n, que tampoco ha presentado reparo alguno.<\/p>   <p>La concejala de Educaci\u00f3n e Igualdad de l\u2019Alf\u00e0s del Pi ha concluido pidiendo que \u201cno se juegue con cuestiones tan importantes como la educaci\u00f3n de nuestros hijos y la igualdad entre hombres y mujeres\u201d.<\/p> ","protected":false},"excerpt":{"rendered":"<p>&#8216;Abogados Cristianos&#8217; pide la retirada de una serie de actividades aprobadas por los Consejos Escolares locales<\/p>\n","protected":false},"author":0,"featured_media":1273,"comment_status":"open","ping_status":"open","sticky":false,"template":"","format":"standard","meta":{"_acf_changed":false,"footnotes":""},"categories":[1],"tags":[],"class_list":["post-1272","post","type-post","status-publish","format-standard","has-post-thumbnail","hentry","category-sin-categoria"],"acf":{"ser_id":"ZBUZXT5I5RBSRAEEROFOWVZPSE","ser_url":"https:\/\/cadenaser.com\/comunitat-valenciana\/2024\/01\/10\/una-asociacion-ultracatolica-se-enfrenta-a-la-comunidad-educativa-de-lalfas-del-pi-por-unos-cursos-sobre-igualdad-radio-benidorm\/"},"_links":{"self":[{"href":"https:\/\/serbenidorm.daliisolutions.com\/index.php\/wp-json\/wp\/v2\/posts\/1272","targetHints":{"allow":["GET"]}}],"collection":[{"href":"https:\/\/serbenidorm.daliisolutions.com\/index.php\/wp-json\/wp\/v2\/posts"}],"about":[{"href":"https:\/\/serbenidorm.daliisolutions.com\/index.php\/wp-json\/wp\/v2\/types\/post"}],"replies":[{"embeddable":true,"href":"https:\/\/serbenidorm.daliisolutions.com\/index.php\/wp-json\/wp\/v2\/comments?post=1272"}],"version-history":[{"count":0,"href":"https:\/\/serbenidorm.daliisolutions.com\/index.php\/wp-json\/wp\/v2\/posts\/1272\/revisions"}],"wp:featuredmedia":[{"embeddable":true,"href":"https:\/\/serbenidorm.daliisolutions.com\/index.php\/wp-json\/wp\/v2\/media\/1273"}],"wp:attachment":[{"href":"https:\/\/serbenidorm.daliisolutions.com\/index.php\/wp-json\/wp\/v2\/media?parent=1272"}],"wp:term":[{"taxonomy":"category","embeddable":true,"href":"https:\/\/serbenidorm.daliisolutions.com\/index.php\/wp-json\/wp\/v2\/categories?post=1272"},{"taxonomy":"post_tag","embeddable":true,"href":"https:\/\/serbenidorm.daliisolutions.com\/index.php\/wp-json\/wp\/v2\/tags?post=1272"}],"curies":[{"name":"wp","href":"https:\/\/api.w.org\/{rel}","templated":true}]}}