{"id":12720,"date":"2025-02-07T08:50:51","date_gmt":"2025-02-07T07:50:51","guid":{"rendered":"https:\/\/serbenidorm.daliisolutions.com\/index.php\/2025\/02\/07\/la-nucia-acoge-la-salida-de-la-segunda-etapa-de-la-volta-a-la-comunitat-valenciana\/"},"modified":"2025-02-07T08:50:51","modified_gmt":"2025-02-07T07:50:51","slug":"la-nucia-acoge-la-salida-de-la-segunda-etapa-de-la-volta-a-la-comunitat-valenciana","status":"publish","type":"post","link":"https:\/\/serbenidorm.daliisolutions.com\/index.php\/2025\/02\/07\/la-nucia-acoge-la-salida-de-la-segunda-etapa-de-la-volta-a-la-comunitat-valenciana\/","title":{"rendered":"La Nuc\u00eda acoge la salida de la segunda etapa de la Volta a la Comunitat Valenciana"},"content":{"rendered":"  <p><div data-adtype=\"MLDB\"><\/div><\/p>   <p>Benidorm<\/p>   <p>Ma\u00f1ana jueves, 6 de febrero, La Nuc\u00eda se convertir\u00e1 en el epicentro del ciclismo internacional con la salida de la segunda etapa de la 76\u00aa Volta a la Comunitat Valenciana Gran Premi Sabadell 2025. El evento, que arrancar\u00e1 a las 12:30 horas desde el Estadi Ol\u00edmpic Camilo Cano, contar\u00e1 con la participaci\u00f3n de nueve equipos World Tour y ciclistas de primer nivel, consolidando su repercusi\u00f3n medi\u00e1tica y promocionando a La Nuc\u00eda como \u00abCiudad del Deporte\u00bb a nivel global.<\/p>   <p>Desde las 10:00 horas, los aficionados podr\u00e1n disfrutar de la concentraci\u00f3n de equipos y el control de firmas en el parking del Estadi Ol\u00edmpic, un momento \u00fanico para fotografiarse y obtener aut\u00f3grafos de las grandes estrellas del pelot\u00f3n. Entre los participantes destacan figuras como Brandon McNulty (UAE Team Emirates), vigente campe\u00f3n de la prueba, Jo\u00e3o Almeida (UAE), Pello Bilbao (Bahrain Victorious), Aleksandr Vlasov (BORA-Hansgrohe) y el espa\u00f1ol Carlos Rodr\u00edguez (INEOS Grenadiers), Top 10 en los dos \u00faltimos Tour de Francia.<\/p>   <p>La segunda etapa promete emociones fuertes con un recorrido de alta monta\u00f1a que incluye tres puertos emblem\u00e1ticos: Coll de Rates, Alt de Benimantell (Torr\u00f3 Dur) y el in\u00e9dito Alt de Partegat en Benifato. En total, los ciclistas afrontar\u00e1n 166 kil\u00f3metros y un desnivel positivo de 3.706 metros, un desaf\u00edo que pondr\u00e1 a prueba su resistencia y habilidad.<\/p>   <p>La Volta a la Comunitat Valenciana, categorizada como UCI ProSeries, ser\u00e1 retransmitida en directo por Eurosport y Teledeporte, lo que garantiza una amplia cobertura medi\u00e1tica y una proyecci\u00f3n internacional para La Nuc\u00eda. Adem\u00e1s de los ya mencionados, el pelot\u00f3n contar\u00e1 con otras estrellas como Santiago Buitrago (Bahrain Victorious), Ben O\u2019Connor (Jayco AlUla) y el sprinter Jonathan Milan (Lidl Trek), ganador de tres etapas en el Giro 2024.<\/p>   <p>Este evento no solo refuerza el posicionamiento de La Nuc\u00eda como referente deportivo, sino que tambi\u00e9n ofrece a los aficionados la oportunidad de vivir el ciclismo de \u00e9lite desde primera fila. Una cita imprescindible para los amantes de este deporte y una ventana al mundo para la localidad alicantina.<\/p>   <p>     .c-w{         max-width:444px;         width:100%;         margin:32px auto;      background:#00755E;         border-radius:4px;         display:flex;         align-items:center;         justify-content:center;     }     .c-w a{         display:flex;         align-items:center;         justify-content:center;         padding:4px 24px;     }     .c-w img{         width:24px;         margin-right:12px;     }     .c-w p{         font:18px\/25px Poppins;         text-align:center;         color:#fff;         margin:0;     }     @media (max-width:444px){         .c-w a{             padding:4px 12px;         }         .c-w img{             width:24px;             margin-right:8px;         }         .c-w p{             font:14px\/25px Poppins;         }     }     @media (max-width:335px){         .c-w p{             font:13px\/25px Poppins;         }     }  <div class=\"c-w\">     <a href=\"https:\/\/www.whatsapp.com\/channel\/0029Va633PF9WtC4l7XUzh1e\" rel=\"nofollow\" target=\"_blank\">         <img decoding=\"async\" src=\"https:\/\/cadenaser.com\/estaticos\/recursosgraficos\/responsive\/img\/ico-whatsapp.svg\" alt=\"Whatsapp\">         <p>\u00danete al <b>canal de WhatsApp<\/b> de la SER<\/p>     <\/a> <\/div><\/p> ","protected":false},"excerpt":{"rendered":"<p>Algunas de las m\u00e1s grandes estrellas del pelot\u00f3n internacional se han dado cita en la ronda valenciana<\/p>\n","protected":false},"author":0,"featured_media":12721,"comment_status":"open","ping_status":"open","sticky":false,"template":"","format":"standard","meta":{"_acf_changed":false,"footnotes":""},"categories":[16],"tags":[],"class_list":["post-12720","post","type-post","status-publish","format-standard","has-post-thumbnail","hentry","category-deportes"],"acf":{"ser_id":"PDNSN5XT5JAYXNJY7HW5UME2AI","ser_url":"https:\/\/cadenaser.com\/comunitat-valenciana\/2025\/02\/05\/la-nucia-acoge-la-salida-de-la-segunda-etapa-de-la-volta-a-la-comunitat-valenciana-radio-benidorm\/"},"_links":{"self":[{"href":"https:\/\/serbenidorm.daliisolutions.com\/index.php\/wp-json\/wp\/v2\/posts\/12720","targetHints":{"allow":["GET"]}}],"collection":[{"href":"https:\/\/serbenidorm.daliisolutions.com\/index.php\/wp-json\/wp\/v2\/posts"}],"about":[{"href":"https:\/\/serbenidorm.daliisolutions.com\/index.php\/wp-json\/wp\/v2\/types\/post"}],"replies":[{"embeddable":true,"href":"https:\/\/serbenidorm.daliisolutions.com\/index.php\/wp-json\/wp\/v2\/comments?post=12720"}],"version-history":[{"count":0,"href":"https:\/\/serbenidorm.daliisolutions.com\/index.php\/wp-json\/wp\/v2\/posts\/12720\/revisions"}],"wp:featuredmedia":[{"embeddable":true,"href":"https:\/\/serbenidorm.daliisolutions.com\/index.php\/wp-json\/wp\/v2\/media\/12721"}],"wp:attachment":[{"href":"https:\/\/serbenidorm.daliisolutions.com\/index.php\/wp-json\/wp\/v2\/media?parent=12720"}],"wp:term":[{"taxonomy":"category","embeddable":true,"href":"https:\/\/serbenidorm.daliisolutions.com\/index.php\/wp-json\/wp\/v2\/categories?post=12720"},{"taxonomy":"post_tag","embeddable":true,"href":"https:\/\/serbenidorm.daliisolutions.com\/index.php\/wp-json\/wp\/v2\/tags?post=12720"}],"curies":[{"name":"wp","href":"https:\/\/api.w.org\/{rel}","templated":true}]}}