{"id":12722,"date":"2025-02-07T08:50:52","date_gmt":"2025-02-07T07:50:52","guid":{"rendered":"https:\/\/serbenidorm.daliisolutions.com\/index.php\/2025\/02\/07\/violeta-diaz-hace-historia-primera-campeona-de-espana-absoluta-de-taekwondo-de-finestrat\/"},"modified":"2025-02-07T08:50:52","modified_gmt":"2025-02-07T07:50:52","slug":"violeta-diaz-hace-historia-primera-campeona-de-espana-absoluta-de-taekwondo-de-finestrat","status":"publish","type":"post","link":"https:\/\/serbenidorm.daliisolutions.com\/index.php\/2025\/02\/07\/violeta-diaz-hace-historia-primera-campeona-de-espana-absoluta-de-taekwondo-de-finestrat\/","title":{"rendered":"Violeta D\u00edaz hace historia: primera campeona de Espa\u00f1a absoluta de taekwondo de Finestrat"},"content":{"rendered":"  <p><div data-adtype=\"MLDB\"><\/div><\/p>   <p>Benidorm<\/p>   <p>La deportista Violeta D\u00edaz ha logrado un hito hist\u00f3rico al convertirse en la primera campeona absoluta de Espa\u00f1a de Taekwondo de Finestrat. D\u00edaz se impuso en la categor\u00eda Senior -46kg en el Campeonato de Espa\u00f1a Absoluto, celebrado este fin de semana en C\u00f3rdoba.<\/p>   <p>Adem\u00e1s, su compa\u00f1era Katia Ignatyev se proclam\u00f3 subcampeona de Espa\u00f1a en la misma categor\u00eda, confirmando el gran nivel del taekwondo finestratense. Por su parte, Jairo Agenjo roz\u00f3 el podio, qued\u00e1ndose a pocos puntos de superar al vigente campe\u00f3n europeo sub-21.<\/p>   <p><b>Clasificaci\u00f3n para el Mundial y el camino a los Juegos Ol\u00edmpicos<\/b><\/p>   <p>El Campeonato de Espa\u00f1a Absoluto es una prueba clasificatoria para el Mundial Senior de Corea, y los resultados obtenidos por Violeta D\u00edazy Katia Ignatyev les han permitido entrar en el ranking que da acceso a esta competici\u00f3n internacional.<\/p>   <p>Adem\u00e1s, estos tres j\u00f3venes talentos, a pesar de estar en su \u00faltimo a\u00f1o junior, pueden competir en categor\u00edas superiores como Sub-21 y Senior, lo que les abre las puertas a retos de gran envergadura, como el Mundial Sub-21, el Europeo Junior y el ansiado camino hacia los Juegos Ol\u00edmpicos de Los \u00c1ngeles 2028.<\/p>   <p>Con estos logros, el taekwondo de Finestrat sigue consolid\u00e1ndose como una referencia en el panorama nacional e internacional.<\/p>   <p>     .c-w{         max-width:444px;         width:100%;         margin:32px auto;      background:#00755E;         border-radius:4px;         display:flex;         align-items:center;         justify-content:center;     }     .c-w a{         display:flex;         align-items:center;         justify-content:center;         padding:4px 24px;     }     .c-w img{         width:24px;         margin-right:12px;     }     .c-w p{         font:18px\/25px Poppins;         text-align:center;         color:#fff;         margin:0;     }     @media (max-width:444px){         .c-w a{             padding:4px 12px;         }         .c-w img{             width:24px;             margin-right:8px;         }         .c-w p{             font:14px\/25px Poppins;         }     }     @media (max-width:335px){         .c-w p{             font:13px\/25px Poppins;         }     }  <div class=\"c-w\">     <a href=\"https:\/\/www.whatsapp.com\/channel\/0029Va633PF9WtC4l7XUzh1e\" rel=\"nofollow\" target=\"_blank\">         <img decoding=\"async\" src=\"https:\/\/cadenaser.com\/estaticos\/recursosgraficos\/responsive\/img\/ico-whatsapp.svg\" alt=\"Whatsapp\">         <p>\u00danete al <b>canal de WhatsApp<\/b> de la SER<\/p>     <\/a> <\/div><\/p> ","protected":false},"excerpt":{"rendered":"<p>La nueva campeona y su compa\u00f1era Katia Ignatyev tienen en su mano la clasificaci\u00f3n para el Mundial<\/p>\n","protected":false},"author":0,"featured_media":12723,"comment_status":"open","ping_status":"open","sticky":false,"template":"","format":"standard","meta":{"_acf_changed":false,"footnotes":""},"categories":[16],"tags":[],"class_list":["post-12722","post","type-post","status-publish","format-standard","has-post-thumbnail","hentry","category-deportes"],"acf":{"ser_id":"DUNLBXRS7JCLBI35HDCKUU2RVQ","ser_url":"https:\/\/cadenaser.com\/comunitat-valenciana\/2025\/02\/05\/violeta-diaz-hace-historia-primera-campeona-de-espana-absoluta-de-taekwondo-de-finestrat-radio-benidorm\/"},"_links":{"self":[{"href":"https:\/\/serbenidorm.daliisolutions.com\/index.php\/wp-json\/wp\/v2\/posts\/12722","targetHints":{"allow":["GET"]}}],"collection":[{"href":"https:\/\/serbenidorm.daliisolutions.com\/index.php\/wp-json\/wp\/v2\/posts"}],"about":[{"href":"https:\/\/serbenidorm.daliisolutions.com\/index.php\/wp-json\/wp\/v2\/types\/post"}],"replies":[{"embeddable":true,"href":"https:\/\/serbenidorm.daliisolutions.com\/index.php\/wp-json\/wp\/v2\/comments?post=12722"}],"version-history":[{"count":0,"href":"https:\/\/serbenidorm.daliisolutions.com\/index.php\/wp-json\/wp\/v2\/posts\/12722\/revisions"}],"wp:featuredmedia":[{"embeddable":true,"href":"https:\/\/serbenidorm.daliisolutions.com\/index.php\/wp-json\/wp\/v2\/media\/12723"}],"wp:attachment":[{"href":"https:\/\/serbenidorm.daliisolutions.com\/index.php\/wp-json\/wp\/v2\/media?parent=12722"}],"wp:term":[{"taxonomy":"category","embeddable":true,"href":"https:\/\/serbenidorm.daliisolutions.com\/index.php\/wp-json\/wp\/v2\/categories?post=12722"},{"taxonomy":"post_tag","embeddable":true,"href":"https:\/\/serbenidorm.daliisolutions.com\/index.php\/wp-json\/wp\/v2\/tags?post=12722"}],"curies":[{"name":"wp","href":"https:\/\/api.w.org\/{rel}","templated":true}]}}