{"id":12736,"date":"2025-02-07T14:49:35","date_gmt":"2025-02-07T13:49:35","guid":{"rendered":"https:\/\/serbenidorm.daliisolutions.com\/index.php\/2025\/02\/07\/la-guardia-civil-detiene-a-los-autores-del-robo-en-un-supermercado-de-altea\/"},"modified":"2025-02-07T14:49:35","modified_gmt":"2025-02-07T13:49:35","slug":"la-guardia-civil-detiene-a-los-autores-del-robo-en-un-supermercado-de-altea","status":"publish","type":"post","link":"https:\/\/serbenidorm.daliisolutions.com\/index.php\/2025\/02\/07\/la-guardia-civil-detiene-a-los-autores-del-robo-en-un-supermercado-de-altea\/","title":{"rendered":"La Guardia Civil detiene a los autores del robo en un supermercado de Altea"},"content":{"rendered":"  <p><div data-adtype=\"MLDB\"><\/div><\/p>   <p>Altea<\/p>   <p>La Guardia Civil ha detenido a tres personas de entre 36 y 40 a\u00f1os de edad como presuntas autoras de un delito de robo con violencia e intimidaci\u00f3n con arma de fuego simulada en un peque\u00f1o supermercado de Altea.<\/p>   <p>Seg\u00fan ha informado el cuerpo en un comunicado las investigaciones se iniciaron el pasado 6 de enero tras la denuncia del comerciante. Los asaltantes intentaron llevarse la recaudaci\u00f3n utilizando un arma de fuego que, seg\u00fan la v\u00edctima, result\u00f3 ser de pl\u00e1stico, ya que pudo percatarse de ello al intentar arrebat\u00e1rsela.<\/p>   <p>Ante la gravedad de los hechos, <a href=\"https:\/\/cadenaser.com\/tag\/altea\/a\/\" target=\"_blank\">el Puesto Principal de Altea inici\u00f3 la investigaci\u00f3n <i>Serene<\/i><\/a><i> <\/i>con el objetivo de identificar a los responsables del delito. En una primera fase, los agentes analizaron las grabaciones de las c\u00e1maras de seguridad de la zona, lo que permiti\u00f3 identificar el veh\u00edculo empleado en la huida: un monovolumen con casi 30 a\u00f1os de antig\u00fcedad.<\/p>   <p>El coche del padre<\/p>   <p>Despu\u00e9s una patrulla localiz\u00f3 el veh\u00edculo en un pol\u00edgono industrial del municipio, donde era conducido por el hijo del propietario. Los agentes procedieron a su detenci\u00f3n por su presunta participaci\u00f3n en el robo y, posteriormente, realizaron un registro en su domicilio en La Nucia. <\/p>   <p>Durante la intervenci\u00f3n, se incaut\u00f3 el veh\u00edculo utilizado, un arma de fuego simulada y diversas prendas de ropa que podr\u00edan haber sido empleadas en el asalto. Ese mismo d\u00eda, en la villa blanca, fueron arrestadas otras dos personas implicadas en los hechos.<\/p>   <p>     .c-w{         max-width:444px;         width:100%;         margin:32px auto;      background:#00755E;         border-radius:4px;         display:flex;         align-items:center;         justify-content:center;     }     .c-w a{         display:flex;         align-items:center;         justify-content:center;         padding:4px 24px;     }     .c-w img{         width:24px;         margin-right:12px;     }     .c-w p{         font:18px\/25px Poppins;         text-align:center;         color:#fff;         margin:0;     }     @media (max-width:444px){         .c-w a{             padding:4px 12px;         }         .c-w img{             width:24px;             margin-right:8px;         }         .c-w p{             font:14px\/25px Poppins;         }     }     @media (max-width:335px){         .c-w p{             font:13px\/25px Poppins;         }     }  <div class=\"c-w\">     <a href=\"https:\/\/www.whatsapp.com\/channel\/0029Va633PF9WtC4l7XUzh1e\" rel=\"nofollow\" target=\"_blank\">         <img decoding=\"async\" src=\"https:\/\/cadenaser.com\/estaticos\/recursosgraficos\/responsive\/img\/ico-whatsapp.svg\" alt=\"Whatsapp\">         <p>\u00danete al <b>canal de WhatsApp<\/b> de la SER<\/p>     <\/a> <\/div><\/p> ","protected":false},"excerpt":{"rendered":"<p>Utilizaron un monovolumen de casi 30 a\u00f1os de antig\u00fcedad, propiedad del padre de uno de ellos, as\u00ed como un arma simulada para cometer el robo<\/p>\n","protected":false},"author":0,"featured_media":12737,"comment_status":"open","ping_status":"open","sticky":false,"template":"","format":"standard","meta":{"_acf_changed":false,"footnotes":""},"categories":[1],"tags":[],"class_list":["post-12736","post","type-post","status-publish","format-standard","has-post-thumbnail","hentry","category-sin-categoria"],"acf":{"ser_id":"DH6OXECW4NAYXNGIZ7ABZGMT3E","ser_url":"https:\/\/cadenaser.com\/comunitat-valenciana\/2025\/02\/07\/la-guardia-civil-detiene-a-los-autores-del-robo-en-un-supermercado-de-altea-radio-benidorm\/"},"_links":{"self":[{"href":"https:\/\/serbenidorm.daliisolutions.com\/index.php\/wp-json\/wp\/v2\/posts\/12736","targetHints":{"allow":["GET"]}}],"collection":[{"href":"https:\/\/serbenidorm.daliisolutions.com\/index.php\/wp-json\/wp\/v2\/posts"}],"about":[{"href":"https:\/\/serbenidorm.daliisolutions.com\/index.php\/wp-json\/wp\/v2\/types\/post"}],"replies":[{"embeddable":true,"href":"https:\/\/serbenidorm.daliisolutions.com\/index.php\/wp-json\/wp\/v2\/comments?post=12736"}],"version-history":[{"count":0,"href":"https:\/\/serbenidorm.daliisolutions.com\/index.php\/wp-json\/wp\/v2\/posts\/12736\/revisions"}],"wp:featuredmedia":[{"embeddable":true,"href":"https:\/\/serbenidorm.daliisolutions.com\/index.php\/wp-json\/wp\/v2\/media\/12737"}],"wp:attachment":[{"href":"https:\/\/serbenidorm.daliisolutions.com\/index.php\/wp-json\/wp\/v2\/media?parent=12736"}],"wp:term":[{"taxonomy":"category","embeddable":true,"href":"https:\/\/serbenidorm.daliisolutions.com\/index.php\/wp-json\/wp\/v2\/categories?post=12736"},{"taxonomy":"post_tag","embeddable":true,"href":"https:\/\/serbenidorm.daliisolutions.com\/index.php\/wp-json\/wp\/v2\/tags?post=12736"}],"curies":[{"name":"wp","href":"https:\/\/api.w.org\/{rel}","templated":true}]}}