{"id":12738,"date":"2025-02-07T14:49:36","date_gmt":"2025-02-07T13:49:36","guid":{"rendered":"https:\/\/serbenidorm.daliisolutions.com\/index.php\/2025\/02\/07\/hosbec-apuesta-por-la-bicefalia-y-esquiva-la-incompatibilidad-de-nuria-montes\/"},"modified":"2025-02-07T14:49:36","modified_gmt":"2025-02-07T13:49:36","slug":"hosbec-apuesta-por-la-bicefalia-y-esquiva-la-incompatibilidad-de-nuria-montes","status":"publish","type":"post","link":"https:\/\/serbenidorm.daliisolutions.com\/index.php\/2025\/02\/07\/hosbec-apuesta-por-la-bicefalia-y-esquiva-la-incompatibilidad-de-nuria-montes\/","title":{"rendered":"Hosbec apuesta por la bicefalia y esquiva la incompatibilidad de Nuria Montes"},"content":{"rendered":"  <p><div data-adtype=\"MLDB\"><\/div><\/p>   <p>Benidorm<\/p>   <p>La patronal hotelera de Benidorm y la Comunitat Valenciana ha aprobado este viernes la reorganizaci\u00f3n de sus \u00f3rganos para dar cabida a Nuria Montes, que se reincorporaba el lunes a la entidad, y salvar a su vez las posibles situaciones de incompatibilidad que pudiera generar su regreso tras ocupar un alto cargo en la Generalitat.<\/p>   <p>As\u00ed y tras su breve paso por la pol\u00edtica Montes, <a href=\"https:\/\/cadenaser.com\/comunitat-valenciana\/2025\/02\/03\/nuria-montes-regresa-a-hosbec-tras-su-paso-por-la-politica-radio-benidorm\/\" target=\"_blank\">cesada en noviembre como consellera de Turismo, Industria, Comercio e Innovaci\u00f3n por el presidente Carlos Maz\u00f3n<\/a>, ha sido confirmada este viernes como nueva secretaria general. Refrendado su nombramiento en una reuni\u00f3n extraordinaria de la Junta Directiva recupera el mismo cargo que ya ocupara antes de dar el salto al Consell. <\/p>  <p><p>M\u00e1s informaci\u00f3n<\/p><figure><img loading=\"lazy\" decoding=\"async\" src=\"https:\/\/cadenaser.com\/resizer\/v2\/ETN2ZU3N2TZHOVEGSZD7PLAYPA.jpg?auth=c7ea036de2021f5d42d0c88681df352021126d202af39e2b0fea73bf95635262&amp;quality=70&amp;width=360&amp;height=202&amp;smart=true\" width=\"820\" height=\"621\" \/><\/figure><ul><li><a href=\"https:\/\/cadenaser.com\/comunitat-valenciana\/2025\/02\/03\/nuria-montes-regresa-a-hosbec-tras-su-paso-por-la-politica-radio-benidorm\/\"><span>Nuria Montes regresa a Hosbec tras su paso por la pol\u00edtica<\/span><\/a><\/li><\/ul><\/p>   <p>Su nombramiento ha supuesto, as\u00ed mismo, que Mayte Garc\u00eda, que hab\u00eda asumido esas mismas funciones durante la excedencia de Montes, asumir\u00e1 a partir de ahora la direcci\u00f3n ejecutiva.<\/p>   <p>Tras esta reestructuraci\u00f3n de nombres y sobre todo de cargos Hosbec ha explicado que esa nueva direcci\u00f3n ejecutiva, ejercida por Mayte Garc\u00eda \u00abtendr\u00e1 entre sus funciones todas las relacionadas con los servicios a los asociados, proyectos de actuaci\u00f3n, \u00e1reas de innovaci\u00f3n y tecnolog\u00eda, calidad y sostenibilidad y salud, as\u00ed como todas aquellas relaciones y actuaciones con las Administraciones p\u00fablicas que pudieran estar sujetas a la incompatibilidad que durante dos a\u00f1os establece la Ley de Transparencia para aquellas personas que han ocupado altos cargos en el Gobierno valenciano\u00bb, es decir, las que no pueda ejercer Nuria Montes.<\/p>   <p>Por su parte, la secretaria general conserva sus funciones \u00abde tipo institucional con las actas y certificados, administrativo, laboral, formulaci\u00f3n de cuentas, elaboraci\u00f3n de memorias que ya contemplan los Estatutos, sumando la coordinaci\u00f3n territorial y la pol\u00edtica de comunicaci\u00f3n y bigdata\u00bb.<\/p>   <p>     .c-w{         max-width:444px;         width:100%;         margin:32px auto;      background:#00755E;         border-radius:4px;         display:flex;         align-items:center;         justify-content:center;     }     .c-w a{         display:flex;         align-items:center;         justify-content:center;         padding:4px 24px;     }     .c-w img{         width:24px;         margin-right:12px;     }     .c-w p{         font:18px\/25px Poppins;         text-align:center;         color:#fff;         margin:0;     }     @media (max-width:444px){         .c-w a{             padding:4px 12px;         }         .c-w img{             width:24px;             margin-right:8px;         }         .c-w p{             font:14px\/25px Poppins;         }     }     @media (max-width:335px){         .c-w p{             font:13px\/25px Poppins;         }     }  <div class=\"c-w\">     <a href=\"https:\/\/www.whatsapp.com\/channel\/0029Va633PF9WtC4l7XUzh1e\" rel=\"nofollow\" target=\"_blank\">         <img decoding=\"async\" src=\"https:\/\/cadenaser.com\/estaticos\/recursosgraficos\/responsive\/img\/ico-whatsapp.svg\" alt=\"Whatsapp\">         <p>\u00danete al <b>canal de WhatsApp<\/b> de la SER<\/p>     <\/a> <\/div><\/p> ","protected":false},"excerpt":{"rendered":"<p>La exconsellera vuelve a la secretar\u00eda general que hasta ahora ocupaba Maite Garc\u00eda, nueva directora ejecutiva<\/p>\n","protected":false},"author":0,"featured_media":12739,"comment_status":"open","ping_status":"open","sticky":false,"template":"","format":"standard","meta":{"_acf_changed":false,"footnotes":""},"categories":[1],"tags":[],"class_list":["post-12738","post","type-post","status-publish","format-standard","has-post-thumbnail","hentry","category-sin-categoria"],"acf":{"ser_id":"X3CMIJRJANBQ3D77YCFPUNQ3CE","ser_url":"https:\/\/cadenaser.com\/comunitat-valenciana\/2025\/02\/07\/hosbec-apuesta-por-la-bicefalia-y-esquiva-la-incompatibilidad-de-nuria-montes-radio-benidorm\/"},"_links":{"self":[{"href":"https:\/\/serbenidorm.daliisolutions.com\/index.php\/wp-json\/wp\/v2\/posts\/12738","targetHints":{"allow":["GET"]}}],"collection":[{"href":"https:\/\/serbenidorm.daliisolutions.com\/index.php\/wp-json\/wp\/v2\/posts"}],"about":[{"href":"https:\/\/serbenidorm.daliisolutions.com\/index.php\/wp-json\/wp\/v2\/types\/post"}],"replies":[{"embeddable":true,"href":"https:\/\/serbenidorm.daliisolutions.com\/index.php\/wp-json\/wp\/v2\/comments?post=12738"}],"version-history":[{"count":0,"href":"https:\/\/serbenidorm.daliisolutions.com\/index.php\/wp-json\/wp\/v2\/posts\/12738\/revisions"}],"wp:featuredmedia":[{"embeddable":true,"href":"https:\/\/serbenidorm.daliisolutions.com\/index.php\/wp-json\/wp\/v2\/media\/12739"}],"wp:attachment":[{"href":"https:\/\/serbenidorm.daliisolutions.com\/index.php\/wp-json\/wp\/v2\/media?parent=12738"}],"wp:term":[{"taxonomy":"category","embeddable":true,"href":"https:\/\/serbenidorm.daliisolutions.com\/index.php\/wp-json\/wp\/v2\/categories?post=12738"},{"taxonomy":"post_tag","embeddable":true,"href":"https:\/\/serbenidorm.daliisolutions.com\/index.php\/wp-json\/wp\/v2\/tags?post=12738"}],"curies":[{"name":"wp","href":"https:\/\/api.w.org\/{rel}","templated":true}]}}