{"id":1274,"date":"2024-01-10T14:09:24","date_gmt":"2024-01-10T13:09:24","guid":{"rendered":"https:\/\/serbenidorm.daliisolutions.com\/index.php\/2024\/01\/10\/lalfas-altea-y-benidorm-entre-las-localidades-de-la-comunitat-valenciana-con-la-vivienda-de-segunda-mano-mas-cara\/"},"modified":"2024-01-12T11:15:36","modified_gmt":"2024-01-12T10:15:36","slug":"lalfas-altea-y-benidorm-entre-las-localidades-de-la-comunitat-valenciana-con-la-vivienda-de-segunda-mano-mas-cara","status":"publish","type":"post","link":"https:\/\/serbenidorm.daliisolutions.com\/index.php\/2024\/01\/10\/lalfas-altea-y-benidorm-entre-las-localidades-de-la-comunitat-valenciana-con-la-vivienda-de-segunda-mano-mas-cara\/","title":{"rendered":"L&#8217;Alf\u00e0s, Altea y Benidorm, entre las localidades de la Comunitat Valenciana con la vivienda de segunda mano m\u00e1s cara"},"content":{"rendered":"  <p>Benidorm<\/p>   <p>El precio de la vivienda de segunda mano en Comunitat Valenciana cierra 2023 con un incremento anual del 11,6% y sit\u00faa el precio de diciembre en una media de 1.758 \u20ac\/m2, seg\u00fan los datos del informe de <i>\u201cLa vivienda en venta en 2023\u201d <\/i>elaborado por el portal inmobiliario <a href=\"https:\/\/cadenaser.com\/tag\/precio_vivienda\/a\/\" target=\"_blank\" rel=\"noopener\">Fotocasa<\/a>.<\/p>   <p>La provincia de Alicante es la que m\u00e1s contribuye a esa subida y en localidades como <a href=\"https:\/\/cadenaser.com\/tag\/vila_joiosa\/a\/\" target=\"_blank\" rel=\"noopener\">La Vila Joiosa<\/a> y <a href=\"https:\/\/cadenaser.com\/tag\/lalfas_del_pi\/a\/\" target=\"_blank\" rel=\"noopener\">l&#8217;Alf\u00e0s del Pi<\/a> el precio se ha disparado en el \u00faltimo a\u00f1o en un 27,5 % y un 24,5 % respectivamente.<\/p>   <p><p>M\u00e1s informaci\u00f3n<\/p><figure><img decoding=\"async\" src=\"https:\/\/cadenaser.com\/resizer\/9qtq55TnRbB7TQoAE0yJcY1Vszo=\/650x366\/filters:quality(70)\/cloudfront-eu-central-1.images.arcpublishing.com\/prisaradio\/BYBV6Z6QSZDHZA5G7L3RE2FMMU.jpg\" loading=\"lazy\" width=\"828\" height=\"621\" \/><\/figure><ul><li><a href=\"https:\/\/cadenaser.com\/comunitat-valenciana\/2024\/01\/08\/luz-verde-al-gran-delfin-de-benidorm-el-ultimo-solar-edificable-en-primera-linea-de-playa-radio-benidorm\/\">Luz verde al &#8216;Gran Delf\u00edn&#8217; de Benidorm, el \u00faltimo solar edificable en primera l\u00ednea de playa<\/a><\/li><\/ul><\/p>   <p>Al cierre del 2023 Calpe era la localidad m\u00e1s cara de toda la Comunitat para adquirir vivienda de segunda mano: el metro cuadrado se paga de media a 3.638 euros. Le siguen L&#8217;Alf\u00e0s del Pi, 3.637 euros; Altea, 3.059 euros y Benidorm, 3.022 euros el metro cuadrado.<\/p>   <p>La directora de Estudios de Fotocasa, Mar\u00eda Matos, ha explicado tras la publicaci\u00f3n de estas estad\u00edsticas que \u00abel mercado cuenta con una demanda muy intensa y una oferta muy reducida\u00bb. Por lo tanto, indica, este desequilibrio est\u00e1 produciendo aumentos en todas las comunidades aut\u00f3nomas y tensiones en las que aglutinan una mayor demanda.<\/p>   <p>Matos no ve posible un descenso de los precios de cara a este primer trimestre del 2024 en los municipios de mayor atracci\u00f3n tur\u00edstica como son los de nuestra comarca.<\/p> ","protected":false},"excerpt":{"rendered":"<p>La Vila Joiosa y l&#8217;Alf\u00e0s del Pi lideran la subida de precios en 2023<\/p>\n","protected":false},"author":2,"featured_media":1275,"comment_status":"open","ping_status":"open","sticky":false,"template":"","format":"standard","meta":{"_acf_changed":false,"footnotes":""},"categories":[1],"tags":[],"class_list":["post-1274","post","type-post","status-publish","format-standard","has-post-thumbnail","hentry","category-sin-categoria"],"acf":{"ser_id":"GFFEBB3JWFDSVLXUA62MOD6LS4","ser_url":"https:\/\/cadenaser.com\/comunitat-valenciana\/2024\/01\/10\/lalfas-altea-y-benidorm-entre-las-localidades-de-la-comunitat-valenciana-con-la-vivienda-de-segunda-mano-mas-cara-radio-benidorm\/"},"_links":{"self":[{"href":"https:\/\/serbenidorm.daliisolutions.com\/index.php\/wp-json\/wp\/v2\/posts\/1274","targetHints":{"allow":["GET"]}}],"collection":[{"href":"https:\/\/serbenidorm.daliisolutions.com\/index.php\/wp-json\/wp\/v2\/posts"}],"about":[{"href":"https:\/\/serbenidorm.daliisolutions.com\/index.php\/wp-json\/wp\/v2\/types\/post"}],"author":[{"embeddable":true,"href":"https:\/\/serbenidorm.daliisolutions.com\/index.php\/wp-json\/wp\/v2\/users\/2"}],"replies":[{"embeddable":true,"href":"https:\/\/serbenidorm.daliisolutions.com\/index.php\/wp-json\/wp\/v2\/comments?post=1274"}],"version-history":[{"count":1,"href":"https:\/\/serbenidorm.daliisolutions.com\/index.php\/wp-json\/wp\/v2\/posts\/1274\/revisions"}],"predecessor-version":[{"id":1293,"href":"https:\/\/serbenidorm.daliisolutions.com\/index.php\/wp-json\/wp\/v2\/posts\/1274\/revisions\/1293"}],"wp:featuredmedia":[{"embeddable":true,"href":"https:\/\/serbenidorm.daliisolutions.com\/index.php\/wp-json\/wp\/v2\/media\/1275"}],"wp:attachment":[{"href":"https:\/\/serbenidorm.daliisolutions.com\/index.php\/wp-json\/wp\/v2\/media?parent=1274"}],"wp:term":[{"taxonomy":"category","embeddable":true,"href":"https:\/\/serbenidorm.daliisolutions.com\/index.php\/wp-json\/wp\/v2\/categories?post=1274"},{"taxonomy":"post_tag","embeddable":true,"href":"https:\/\/serbenidorm.daliisolutions.com\/index.php\/wp-json\/wp\/v2\/tags?post=1274"}],"curies":[{"name":"wp","href":"https:\/\/api.w.org\/{rel}","templated":true}]}}