{"id":12740,"date":"2025-02-07T14:49:39","date_gmt":"2025-02-07T13:49:39","guid":{"rendered":"https:\/\/serbenidorm.daliisolutions.com\/index.php\/2025\/02\/07\/benidorm-pone-en-marcha-la-plataforma-para-autorizar-los-accesos-a-la-zona-de-bajas-emisiones\/"},"modified":"2025-02-07T14:49:39","modified_gmt":"2025-02-07T13:49:39","slug":"benidorm-pone-en-marcha-la-plataforma-para-autorizar-los-accesos-a-la-zona-de-bajas-emisiones","status":"publish","type":"post","link":"https:\/\/serbenidorm.daliisolutions.com\/index.php\/2025\/02\/07\/benidorm-pone-en-marcha-la-plataforma-para-autorizar-los-accesos-a-la-zona-de-bajas-emisiones\/","title":{"rendered":"Benidorm pone en marcha la plataforma para autorizar los accesos a la Zona de Bajas Emisiones"},"content":{"rendered":"  <p><div data-adtype=\"MLDB\"><\/div><\/p>   <p>Benidorm<\/p>   <p>El Ayuntamiento de Benidorm\u00a0ha puesto en marcha la plataforma online para la gesti\u00f3n de autorizaciones de acceso a la Zona de Bajas Emisiones (ZBE). La ciudadan\u00eda puede acceder ya a ella a trav\u00e9s de la web <a href=\"http:\/\/www.zbe.benidorm.org\/\"><u>www.zbe.benidorm.org<\/u><\/a>, tanto desde el ordenador, el m\u00f3vil o cualquier otro dispositivo electr\u00f3nico con conexi\u00f3n a internet.<\/p>   <p>A modo de pruebas ya se pueden tramitar de forma sencilla los permisos necesarios para circular por las \u00e1reas reguladas de la ciudad como zona de bajas emisiones. En este punto, ha recordado el concejal de Movilidad, hay que recordar que la ZBE de Benidorm est\u00e1 operativa en fase informativa hasta junio de 2025.<\/p>   <p>Francis Mu\u00f1oz ha destacado que \u00abesta plataforma digital est\u00e1 dise\u00f1ada para que la gesti\u00f3n de los permisos  sea \u00e1gil, intuitiva y accesible para  todos los ciudadanos. Adem\u00e1s, permitir\u00e1 consultar informaci\u00f3n clave  sobre la ZBE, como las ubicaciones que la forman y el estado de las  solicitudes presentadas, entre otros\u00bb.<\/p>   <p>\u00abUna plataforma intuitiva\u00bb<\/p>   <p>Desde la plataforma los usuarios pueden registrarse y crear su cuenta con su DNI, nombre y correo electr\u00f3nico, as\u00ed como acceder a su \u00e1rea personal.<\/p>   <p>Una vez dentro los usuarios pueden acceder a una secci\u00f3n para consultar si una direcci\u00f3n concreta se encuentra dentro de la zona de bajas emisiones realizando una simple b\u00fasqueda.<\/p>   <p>     .c-w{         max-width:444px;         width:100%;         margin:32px auto;      background:#00755E;         border-radius:4px;         display:flex;         align-items:center;         justify-content:center;     }     .c-w a{         display:flex;         align-items:center;         justify-content:center;         padding:4px 24px;     }     .c-w img{         width:24px;         margin-right:12px;     }     .c-w p{         font:18px\/25px Poppins;         text-align:center;         color:#fff;         margin:0;     }     @media (max-width:444px){         .c-w a{             padding:4px 12px;         }         .c-w img{             width:24px;             margin-right:8px;         }         .c-w p{             font:14px\/25px Poppins;         }     }     @media (max-width:335px){         .c-w p{             font:13px\/25px Poppins;         }     }  <div class=\"c-w\">     <a href=\"https:\/\/www.whatsapp.com\/channel\/0029Va633PF9WtC4l7XUzh1e\" rel=\"nofollow\" target=\"_blank\">         <img decoding=\"async\" src=\"https:\/\/cadenaser.com\/estaticos\/recursosgraficos\/responsive\/img\/ico-whatsapp.svg\" alt=\"Whatsapp\">         <p>\u00danete al <b>canal de WhatsApp<\/b> de la SER<\/p>     <\/a> <\/div><\/p>   <p><a href=\"https:\/\/cadenaser.com\/tag\/benidorm\/a\/\" target=\"_blank\">Tambi\u00e9n se puede revisar el distintivo ambiental de cada veh\u00edculo introduciendo su matr\u00edcula<\/a>, as\u00ed como solicitar los permisos necesarios, ya sean autorizaciones para empadronados, veh\u00edculos de residentes, plazas de garaje o para la prestaci\u00f3n de servicios con turismo y motocicletas, entre otras m\u00faltiples posibilidades.<\/p>   <p>Adem\u00e1s, los usuarios tienen acceso en tiempo real al estado de sus solicitudes, permiti\u00e9ndoles hacer un seguimiento de cada tr\u00e1mite de manera sencilla y r\u00e1pida. <\/p>   <p>Atenci\u00f3n presencial<\/p>   <p>El  Ayuntamiento recuerda que, durante los pr\u00f3ximos meses, los ciudadanos pueden familiarizarse con la plataforma y resolver cualquier duda a  trav\u00e9s de la Oficina de Atenci\u00f3n Ciudadana, ubicada en la planta baja del Ayuntamiento en el horario de lunes a viernes de 8:00 a 15:00 horas, en el tel\u00e9fono 605 694 942 o a trav\u00e9s del correo <a href=\"mailto:zbe@benidorm.org\"><u>zbe@benidorm.org<\/u><\/a>.<\/p> ","protected":false},"excerpt":{"rendered":"<p>Las sanciones por circular dentro del \u00e1rea regulada sin permiso empezar\u00e1n en junio<\/p>\n","protected":false},"author":0,"featured_media":12741,"comment_status":"open","ping_status":"open","sticky":false,"template":"","format":"standard","meta":{"_acf_changed":false,"footnotes":""},"categories":[1],"tags":[],"class_list":["post-12740","post","type-post","status-publish","format-standard","has-post-thumbnail","hentry","category-sin-categoria"],"acf":{"ser_id":"7QYXMBJR4BFTTDV3OLFF7WA7TE","ser_url":"https:\/\/cadenaser.com\/comunitat-valenciana\/2025\/02\/07\/benidorm-pone-en-marcha-la-plataforma-para-autorizar-los-accesos-a-la-zona-de-bajas-emisiones-radio-benidorm\/"},"_links":{"self":[{"href":"https:\/\/serbenidorm.daliisolutions.com\/index.php\/wp-json\/wp\/v2\/posts\/12740","targetHints":{"allow":["GET"]}}],"collection":[{"href":"https:\/\/serbenidorm.daliisolutions.com\/index.php\/wp-json\/wp\/v2\/posts"}],"about":[{"href":"https:\/\/serbenidorm.daliisolutions.com\/index.php\/wp-json\/wp\/v2\/types\/post"}],"replies":[{"embeddable":true,"href":"https:\/\/serbenidorm.daliisolutions.com\/index.php\/wp-json\/wp\/v2\/comments?post=12740"}],"version-history":[{"count":0,"href":"https:\/\/serbenidorm.daliisolutions.com\/index.php\/wp-json\/wp\/v2\/posts\/12740\/revisions"}],"wp:featuredmedia":[{"embeddable":true,"href":"https:\/\/serbenidorm.daliisolutions.com\/index.php\/wp-json\/wp\/v2\/media\/12741"}],"wp:attachment":[{"href":"https:\/\/serbenidorm.daliisolutions.com\/index.php\/wp-json\/wp\/v2\/media?parent=12740"}],"wp:term":[{"taxonomy":"category","embeddable":true,"href":"https:\/\/serbenidorm.daliisolutions.com\/index.php\/wp-json\/wp\/v2\/categories?post=12740"},{"taxonomy":"post_tag","embeddable":true,"href":"https:\/\/serbenidorm.daliisolutions.com\/index.php\/wp-json\/wp\/v2\/tags?post=12740"}],"curies":[{"name":"wp","href":"https:\/\/api.w.org\/{rel}","templated":true}]}}