{"id":12761,"date":"2025-02-07T20:42:20","date_gmt":"2025-02-07T19:42:20","guid":{"rendered":"https:\/\/serbenidorm.daliisolutions.com\/index.php\/2025\/02\/07\/el-voleibol-regresa-al-raul-mesa-con-dos-duelos-clave-para-el-servigroup-playas-de-benidorm\/"},"modified":"2025-02-07T20:42:20","modified_gmt":"2025-02-07T19:42:20","slug":"el-voleibol-regresa-al-raul-mesa-con-dos-duelos-clave-para-el-servigroup-playas-de-benidorm","status":"publish","type":"post","link":"https:\/\/serbenidorm.daliisolutions.com\/index.php\/2025\/02\/07\/el-voleibol-regresa-al-raul-mesa-con-dos-duelos-clave-para-el-servigroup-playas-de-benidorm\/","title":{"rendered":"El voleibol regresa al Ra\u00fal Mesa con dos duelos clave para el Servigroup Playas de Benidorm"},"content":{"rendered":"  <p><div data-adtype=\"MLDB\"><\/div><\/p>   <p>Benidorm<\/p>   <p>El voleibol vuelve a ser el gran protagonista este s\u00e1bado, 8 de febrero, en el Pabell\u00f3n Ra\u00fal Mesa de Benidorm. Los equipos masculino y femenino del Servigroup Playas de Benidorm afrontan dos partidos clave en sus aspiraciones dentro de la Superliga 2, y desde el club se hace un llamamiento a la afici\u00f3n para llenar las gradas y empujar a los jugadores hacia la victoria.<\/p>   <p><b>El equipo femenino busca consolidarse en la zona alta<\/b><\/p>   <p>El primer encuentro de la jornada tendr\u00e1 lugar a las 17:00 horas, cuando el equipo femenino dirigido por Noelia Santacreu se enfrente al Cartagena. Las benidormenses, cuartas con 27 puntos, llegan con la moral alta tras vencer la pasada jornada al CV Paterna-Liceo por un contundente 0-3. Su rival, quinto con 25 puntos, tambi\u00e9n llega en buena forma despu\u00e9s de derrotar por la v\u00eda r\u00e1pida al Hidramar Gran Canaria (3-0).<\/p>   <p>Una victoria permitir\u00eda al Servigroup Playas de Benidorm afianzarse en la cuarta plaza y acercarse al tercer puesto, ocupado actualmente por el Mairena con 31 puntos. Adem\u00e1s, el equipo podr\u00eda contar con el regreso de la central Giulia Giannetti, quien se ha recuperado de su lesi\u00f3n.<\/p>   <p>\u201cDesde antes de Navidad no hemos jugado en casa y tenemos muchas ganas e ilusi\u00f3n. Nos enfrentamos a un rival directo, as\u00ed que es un partido clave para mantener la cuarta plaza\u201d, ha destacado la entrenadora Noelia Santacreu.<\/p>   <p><b>El l\u00edder masculino defiende su condici\u00f3n en un derbi provincial<\/b><\/p>   <p>A partir de las 19:30 horas ser\u00e1 el turno del equipo masculino, que se medir\u00e1 al Almorad\u00ed en un emocionante derbi provincial. El Servigroup Playas de Benidorm llega como l\u00edder destacado con 39 puntos y tras una s\u00f3lida victoria a domicilio contra el Suac Canarias (0-3). Por su parte, el CV Almorad\u00ed, sexto con 22 puntos, tratar\u00e1 de revertir su mala racha tras perder sus dos \u00faltimos encuentros.<\/p>   <p>     .c-w{         max-width:444px;         width:100%;         margin:32px auto;      background:#00755E;         border-radius:4px;         display:flex;         align-items:center;         justify-content:center;     }     .c-w a{         display:flex;         align-items:center;         justify-content:center;         padding:4px 24px;     }     .c-w img{         width:24px;         margin-right:12px;     }     .c-w p{         font:18px\/25px Poppins;         text-align:center;         color:#fff;         margin:0;     }     @media (max-width:444px){         .c-w a{             padding:4px 12px;         }         .c-w img{             width:24px;             margin-right:8px;         }         .c-w p{             font:14px\/25px Poppins;         }     }     @media (max-width:335px){         .c-w p{             font:13px\/25px Poppins;         }     }  <div class=\"c-w\">     <a href=\"https:\/\/www.whatsapp.com\/channel\/0029Va633PF9WtC4l7XUzh1e\" rel=\"nofollow\" target=\"_blank\">         <img decoding=\"async\" src=\"https:\/\/cadenaser.com\/estaticos\/recursosgraficos\/responsive\/img\/ico-whatsapp.svg\" alt=\"Whatsapp\">         <p>\u00danete al <b>canal de WhatsApp<\/b> de la SER<\/p>     <\/a> <\/div><\/p>   <p>El t\u00e9cnico Adriano Lamb tendr\u00e1 que valorar el estado de Igor Hern\u00e1ndez y Juan Contreras, quienes arrastran molestias. \u201cNos enfrentamos a un equipo con jugadores experimentados que siempre nos pone en dificultades. En casa no hemos dejado escapar ni un solo punto y queremos seguir sumando de tres en tres\u201d, ha declarado Lamb.<\/p>   <p>Con dos partidos de gran nivel y mucho en juego, el Pabell\u00f3n Ra\u00fal Mesa promete ser una fiesta del voleibol este fin de semana.<\/p>   <p><b>Finestrat busca sentenciar la permanencia<\/b><\/p>   <p>Por su parte, el Medsur-Finestrat viaja este fin de semana hasta la cancha del X\u00e0tiva, colista de la clasificaci\u00f3n despu\u00e9s de haber conseguido ganar un solo partido en lo que va de temporada y, por lo tanto, un rival, al menos sobre el papel, m\u00e1s que asequible para las de Juanvi Llinares.<\/p>   <p>El equipo finestratense tratar\u00e1 de sumar los tres puntos y, con ello, sentenciar ya de forma definitiva la permanencia y, a la espera del resultado del choque entre el Paterna-Liceo y el Mairena, aspirar a adelantar a las valencianas en la clasificaci\u00f3n.<\/p> ","protected":false},"excerpt":{"rendered":"<p>El equipo femenino se mide al Cartagena Algar Surmenor en la lucha por el tercer puesto, mientras que el masculino afronta un derbi provincial ante el CV Almorad\u00ed<\/p>\n","protected":false},"author":0,"featured_media":12762,"comment_status":"open","ping_status":"open","sticky":false,"template":"","format":"standard","meta":{"_acf_changed":false,"footnotes":""},"categories":[16],"tags":[],"class_list":["post-12761","post","type-post","status-publish","format-standard","has-post-thumbnail","hentry","category-deportes"],"acf":{"ser_id":"M7DLBTPRPFCRZANLB2QFZPQ44I","ser_url":"https:\/\/cadenaser.com\/comunitat-valenciana\/2025\/02\/07\/el-voleibol-regresa-al-raul-mesa-con-dos-duelos-clave-para-el-servigroup-playas-de-benidorm-radio-benidorm\/"},"_links":{"self":[{"href":"https:\/\/serbenidorm.daliisolutions.com\/index.php\/wp-json\/wp\/v2\/posts\/12761","targetHints":{"allow":["GET"]}}],"collection":[{"href":"https:\/\/serbenidorm.daliisolutions.com\/index.php\/wp-json\/wp\/v2\/posts"}],"about":[{"href":"https:\/\/serbenidorm.daliisolutions.com\/index.php\/wp-json\/wp\/v2\/types\/post"}],"replies":[{"embeddable":true,"href":"https:\/\/serbenidorm.daliisolutions.com\/index.php\/wp-json\/wp\/v2\/comments?post=12761"}],"version-history":[{"count":0,"href":"https:\/\/serbenidorm.daliisolutions.com\/index.php\/wp-json\/wp\/v2\/posts\/12761\/revisions"}],"wp:featuredmedia":[{"embeddable":true,"href":"https:\/\/serbenidorm.daliisolutions.com\/index.php\/wp-json\/wp\/v2\/media\/12762"}],"wp:attachment":[{"href":"https:\/\/serbenidorm.daliisolutions.com\/index.php\/wp-json\/wp\/v2\/media?parent=12761"}],"wp:term":[{"taxonomy":"category","embeddable":true,"href":"https:\/\/serbenidorm.daliisolutions.com\/index.php\/wp-json\/wp\/v2\/categories?post=12761"},{"taxonomy":"post_tag","embeddable":true,"href":"https:\/\/serbenidorm.daliisolutions.com\/index.php\/wp-json\/wp\/v2\/tags?post=12761"}],"curies":[{"name":"wp","href":"https:\/\/api.w.org\/{rel}","templated":true}]}}