{"id":12820,"date":"2025-02-10T18:19:52","date_gmt":"2025-02-10T17:19:52","guid":{"rendered":"https:\/\/serbenidorm.daliisolutions.com\/index.php\/2025\/02\/10\/premio-radio-benidorm-a-la-efemeride-uned-de-benidorm\/"},"modified":"2025-02-10T18:19:52","modified_gmt":"2025-02-10T17:19:52","slug":"premio-radio-benidorm-a-la-efemeride-uned-de-benidorm","status":"publish","type":"post","link":"https:\/\/serbenidorm.daliisolutions.com\/index.php\/2025\/02\/10\/premio-radio-benidorm-a-la-efemeride-uned-de-benidorm\/","title":{"rendered":"Premio Radio Benidorm a la Efem\u00e9ride: UNED de Benidorm"},"content":{"rendered":"  <p><div data-adtype=\"MLDB\"><\/div><\/p>   <p>Bendiorm<\/p>   <p>La UNED de Benidorm recibir\u00e1 este a\u00f1o el Premio Radio Benidorm SER a la Efem\u00e9ride.<\/p>   <p>El jurado de los premios ha decidido reconocer los 30 a\u00f1os de historia de la sede que en Benidorm tiene la Universidad Nacional de Educaci\u00f3n a Distancia. Una distinci\u00f3n de la que la UNED de Benidorm es merecedora por hacer posible, desde el curso 1994-1995, los estudios a distancia en Benidorm ofreciendo en la actualidad m\u00e1s de 30 grados universitarios y una larga n\u00f3mina de cursos de extensi\u00f3n universitaria, de verano o para mayores de 55 a\u00f1os.<\/p>   <p>30 a\u00f1os en los que la UNED ha sido un ejemplo de actualizaci\u00f3n tecnol\u00f3gica, adapt\u00e1ndose a las nuevas metodolog\u00edas de la ense\u00f1anza y el aprendizaje, organizando jornadas o iniciativas solidarias y colaborando con el tejido asociativo local y comarcal.<\/p>   <p>Una evoluci\u00f3n a la que ha contribuido el despegue de las nuevas tecnolog\u00edas que han conseguido hacer de una universidad \u00aba distancia\u00bb una instituci\u00f3n \u00abcercana a sus alumnos\u00bb, como as\u00ed lo han asegurado en <a href=\"https:\/\/radiobenidorm.es\" target=\"_blank\" rel=\"nofollow\" title=\"https:\/\/radiobenidorm.es\">Hoy por Hoy Benidorm <\/a>Esmeralda Gonz\u00e1lez y Mois\u00e9s Pellicer, PTGAS y coordinador de la UNED de Benidorm respectivamente. <\/p>   <p>Desde sus inicios \u00aben un local de Ciudad Patricia que nos dejaron\u00bb hasta el traslado a la sede definitiva \u00abhan pasado miles de alumnos, varias generaciones y hasta tenemos ahora tutores y profesores que se formaron aqu\u00ed y que, primero, fueron alumnos\u00bb, han recordado Pellicer y Gonz\u00e1lez. <\/p>   <p>     .c-w{         max-width:444px;         width:100%;         margin:32px auto;      background:#00755E;         border-radius:4px;         display:flex;         align-items:center;         justify-content:center;     }     .c-w a{         display:flex;         align-items:center;         justify-content:center;         padding:4px 24px;     }     .c-w img{         width:24px;         margin-right:12px;     }     .c-w p{         font:18px\/25px Poppins;         text-align:center;         color:#fff;         margin:0;     }     @media (max-width:444px){         .c-w a{             padding:4px 12px;         }         .c-w img{             width:24px;             margin-right:8px;         }         .c-w p{             font:14px\/25px Poppins;         }     }     @media (max-width:335px){         .c-w p{             font:13px\/25px Poppins;         }     }  <div class=\"c-w\">     <a href=\"https:\/\/www.whatsapp.com\/channel\/0029Va633PF9WtC4l7XUzh1e\" rel=\"nofollow\" target=\"_blank\">         <img decoding=\"async\" src=\"https:\/\/cadenaser.com\/estaticos\/recursosgraficos\/responsive\/img\/ico-whatsapp.svg\" alt=\"Whatsapp\">         <p>\u00danete al <b>canal de WhatsApp<\/b> de la SER<\/p>     <\/a> <\/div><\/p>   <p>Afirman que \u00abcomenzamos siendo una opci\u00f3n para un alumno m\u00e1s mayor y que estaba trabajando\u00bb pero cada vez m\u00e1s est\u00e1 aumentando el perfil de alumno joven cuya primera opci\u00f3n universitaria es la UNED \u00abaunque no est\u00e9 trabajando y porque quiere estudiar en Benidorm\u00bb. <\/p>   <p>Los Premios Radio Benidorm SER se entregar\u00e1n el martes 18 de febrero a las 19.00 horas.<\/p> ","protected":false},"excerpt":{"rendered":"<p>30 a\u00f1os facilitando el acceso a la formaci\u00f3n universitaria a generaciones de la comarca<\/p>\n","protected":false},"author":0,"featured_media":12821,"comment_status":"open","ping_status":"open","sticky":false,"template":"","format":"standard","meta":{"_acf_changed":false,"footnotes":""},"categories":[1],"tags":[],"class_list":["post-12820","post","type-post","status-publish","format-standard","has-post-thumbnail","hentry","category-sin-categoria"],"acf":{"ser_id":"J6XS4SZAIFEKBJZ2WG6TAMVJHM","ser_url":"https:\/\/cadenaser.com\/comunitat-valenciana\/2025\/02\/10\/premio-radio-benidorm-a-la-efemeride-uned-de-benidorm-radio-benidorm\/"},"_links":{"self":[{"href":"https:\/\/serbenidorm.daliisolutions.com\/index.php\/wp-json\/wp\/v2\/posts\/12820","targetHints":{"allow":["GET"]}}],"collection":[{"href":"https:\/\/serbenidorm.daliisolutions.com\/index.php\/wp-json\/wp\/v2\/posts"}],"about":[{"href":"https:\/\/serbenidorm.daliisolutions.com\/index.php\/wp-json\/wp\/v2\/types\/post"}],"replies":[{"embeddable":true,"href":"https:\/\/serbenidorm.daliisolutions.com\/index.php\/wp-json\/wp\/v2\/comments?post=12820"}],"version-history":[{"count":0,"href":"https:\/\/serbenidorm.daliisolutions.com\/index.php\/wp-json\/wp\/v2\/posts\/12820\/revisions"}],"wp:featuredmedia":[{"embeddable":true,"href":"https:\/\/serbenidorm.daliisolutions.com\/index.php\/wp-json\/wp\/v2\/media\/12821"}],"wp:attachment":[{"href":"https:\/\/serbenidorm.daliisolutions.com\/index.php\/wp-json\/wp\/v2\/media?parent=12820"}],"wp:term":[{"taxonomy":"category","embeddable":true,"href":"https:\/\/serbenidorm.daliisolutions.com\/index.php\/wp-json\/wp\/v2\/categories?post=12820"},{"taxonomy":"post_tag","embeddable":true,"href":"https:\/\/serbenidorm.daliisolutions.com\/index.php\/wp-json\/wp\/v2\/tags?post=12820"}],"curies":[{"name":"wp","href":"https:\/\/api.w.org\/{rel}","templated":true}]}}