{"id":12822,"date":"2025-02-10T18:19:55","date_gmt":"2025-02-10T17:19:55","guid":{"rendered":"https:\/\/serbenidorm.daliisolutions.com\/index.php\/2025\/02\/10\/melody-gana-el-benidorm-fest-2025-y-representara-a-espana-en-eurovision-con-esa-diva\/"},"modified":"2025-02-10T18:19:55","modified_gmt":"2025-02-10T17:19:55","slug":"melody-gana-el-benidorm-fest-2025-y-representara-a-espana-en-eurovision-con-esa-diva","status":"publish","type":"post","link":"https:\/\/serbenidorm.daliisolutions.com\/index.php\/2025\/02\/10\/melody-gana-el-benidorm-fest-2025-y-representara-a-espana-en-eurovision-con-esa-diva\/","title":{"rendered":"Melody gana el Benidorm Fest 2025 y representar\u00e1 a Espa\u00f1a en Eurovisi\u00f3n con &#8216;Esa diva&#8217;"},"content":{"rendered":"  <p><div data-adtype=\"MLDB\"><\/div><\/p>   <p>Benidorm<\/p>   <p>Era su momento y Espa\u00f1a lo sab\u00eda. Melody ha ganado este s\u00e1bado la cuarta edici\u00f3n del <a href=\"https:\/\/cadenaser.com\/comunitat-valenciana\/2025\/01\/31\/benidorm-fest-2025-lista-completa-de-concursantes-en-la-final-y-orden-de-actuacion-radio-benidorm\/\" target=\"_blank\">Benidorm Fest 2025<\/a> y, como premio, representar\u00e1 a Espa\u00f1a en Eurovisi\u00f3n, que este a\u00f1o acoge Basilea (Suiza). La sevillana defender\u00e1 al pa\u00eds en el festival de la canci\u00f3n con <i>Esa diva<\/i>, un tema que grita a los cuatro vientos la independencia y la diversidad de las mujeres.<\/p>   <p><p>M\u00e1s informaci\u00f3n<\/p><ul><li><a href=\"https:\/\/cadenaser.com\/nacional\/2025\/01\/31\/os-juro-que-se-cantar-insolita-reaccion-de-una-de-las-concursantes-mas-queridas-del-benidorm-fest-tras-ver-su-actuacion-cadena-ser\/\"><span>\u00abOs juro que s\u00e9 cantar\u00bb: ins\u00f3lita reacci\u00f3n de una de las concursantes m\u00e1s queridas del Benidorm Fest tras ver su actuaci\u00f3n<\/span><\/a><\/li><li><a href=\"https:\/\/cadenaser.com\/nacional\/2025\/01\/30\/denuncian-un-fallo-de-sonido-en-plena-actuacion-de-melody-en-el-benidorm-fest-cadena-ser\/\"><span>Denuncian un fallo de sonido en plena actuaci\u00f3n de Melody en el Benidorm Fest<\/span><\/a><\/li><\/ul><\/p>   <p>Frente a las apuestas, que otorgaban la victoria a Lachispa y su <i>Hartita de llorar<\/i>, frente al baile urbano y rompedor de J Kbello con <i>VIP<\/i> o la explosi\u00f3n de Daniela Blasco y su <i>Uh nana<\/i>, Melody ha roto los esquemas con una propuesta folcl\u00f3rica a la par que poderosa, con una puesta en escena donde cada segundo todo se infla m\u00e1s y donde las sorpresas llegan de dos en dos.<\/p>   <p>La andaluza ha sido el centro del <i>eurodrama<\/i> durante toda la edici\u00f3n. Primero, vivi\u00f3 c\u00f3mo su puesta en escena se filtraba en redes sociales por parte de un trabajador del Palau d&#8217;Esports L&#8217;Illa, recinto que acoge el certamen, y que fue despedido fulminantemente por la productora que pone en pie el Benidorm. Lejos de quedarse ah\u00ed, Melody sufri\u00f3 problemas de sonido que mancharon su actuaci\u00f3n y no le dejaron mantener la perfecta calidad vocal que s\u00ed demostr\u00f3 en los ensayos.<\/p>   <p>Y, a pesar de todo, la artista demostr\u00f3 que su positividad es capaz de romper cualquier pol\u00e9mica y supo c\u00f3mo revertir la situaci\u00f3n haci\u00e9ndose m\u00e1s fuerte gracias a los dos problemas que sufri\u00f3 en una edici\u00f3n del Benidorm Fest variada, llena de canciones diferentes y donde han tenido hueco las baladas, el m\u00e1s puro folclore (que ya ha ganado en el festival), el pop tradicional, el m\u00e1s comercial, la m\u00fasica urbana y las nuevas tendencias.<\/p>   <p>Daniela Blasco, con <i>Uh nana<\/i>, ha resultado ser la segunda con 141 puntos, muy poco distanciada de una Melody que ha rascado hasta 150. J Kbello ha logrado la tercera posici\u00f3n, mientras que Mel \u00d6mana ha escalado la tabla de puntuaciones hasta la cuarta con 117 puntos. <\/p>   <p>     .c-w{         max-width:444px;         width:100%;         margin:32px auto;      background:#00755E;         border-radius:4px;         display:flex;         align-items:center;         justify-content:center;     }     .c-w a{         display:flex;         align-items:center;         justify-content:center;         padding:4px 24px;     }     .c-w img{         width:24px;         margin-right:12px;     }     .c-w p{         font:18px\/25px Poppins;         text-align:center;         color:#fff;         margin:0;     }     @media (max-width:444px){         .c-w a{             padding:4px 12px;         }         .c-w img{             width:24px;             margin-right:8px;         }         .c-w p{             font:14px\/25px Poppins;         }     }     @media (max-width:335px){         .c-w p{             font:13px\/25px Poppins;         }     }  <div class=\"c-w\">     <a href=\"https:\/\/www.whatsapp.com\/channel\/0029Va633PF9WtC4l7XUzh1e\" rel=\"nofollow\" target=\"_blank\">         <img decoding=\"async\" src=\"https:\/\/cadenaser.com\/estaticos\/recursosgraficos\/responsive\/img\/ico-whatsapp.svg\" alt=\"Whatsapp\">         <p>\u00danete al <b>canal de WhatsApp<\/b> de la SER<\/p>     <\/a> <\/div><\/p>   <p>As\u00ed ha sido la actuaci\u00f3n de Melody con &#8216;Esa diva&#8217;<\/p>   <p><div class=\"cnt-iframe-16-9\"><iframe src=\"https:\/\/www.youtube.com\/embed\/FFGhc6AynCo\" title=\"YouTube video player\" allow=\"accelerometer; autoplay; clipboard-write; encrypted-media; gyroscope; picture-in-picture\"><\/iframe><\/div><\/p>   <p>Melody, en la SER d\u00edas antes de ganar el Benidorm Fest: \u00abEn Eurovisi\u00f3n le voy una vuelta a mi canci\u00f3n\u00bb<\/p>   <p><div id=\"video_1738168918714\" style=\"width:100%\" class=\"c-pl-v\"><img loading=\"lazy\" decoding=\"async\" src=\"https:\/\/sdmedia.playser.cadenaser.com\/playser\/image\/20251\/29\/1738168918714_1738169367_asset_still.jpeg\" width=\"16\" height=\"9\" \/><\/div><\/p> ","protected":false},"excerpt":{"rendered":"<p>La reconocida cantante ha logrado convertirse en la favorita de la noche y viajar\u00e1 hasta Suiza en mayo para defender a su pa\u00eds con una canci\u00f3n que habla del empoderamiento femenino<\/p>\n","protected":false},"author":0,"featured_media":12823,"comment_status":"open","ping_status":"open","sticky":false,"template":"","format":"standard","meta":{"_acf_changed":false,"footnotes":""},"categories":[1],"tags":[],"class_list":["post-12822","post","type-post","status-publish","format-standard","has-post-thumbnail","hentry","category-sin-categoria"],"acf":{"ser_id":"VZAAGPBNEZF25NT5NHFEXU5MSU","ser_url":"https:\/\/cadenaser.com\/nacional\/2025\/02\/01\/melody-gana-el-benidorm-fest-2025-y-representara-a-espana-en-eurovision-con-esa-diva-cadena-ser\/"},"_links":{"self":[{"href":"https:\/\/serbenidorm.daliisolutions.com\/index.php\/wp-json\/wp\/v2\/posts\/12822","targetHints":{"allow":["GET"]}}],"collection":[{"href":"https:\/\/serbenidorm.daliisolutions.com\/index.php\/wp-json\/wp\/v2\/posts"}],"about":[{"href":"https:\/\/serbenidorm.daliisolutions.com\/index.php\/wp-json\/wp\/v2\/types\/post"}],"replies":[{"embeddable":true,"href":"https:\/\/serbenidorm.daliisolutions.com\/index.php\/wp-json\/wp\/v2\/comments?post=12822"}],"version-history":[{"count":0,"href":"https:\/\/serbenidorm.daliisolutions.com\/index.php\/wp-json\/wp\/v2\/posts\/12822\/revisions"}],"wp:featuredmedia":[{"embeddable":true,"href":"https:\/\/serbenidorm.daliisolutions.com\/index.php\/wp-json\/wp\/v2\/media\/12823"}],"wp:attachment":[{"href":"https:\/\/serbenidorm.daliisolutions.com\/index.php\/wp-json\/wp\/v2\/media?parent=12822"}],"wp:term":[{"taxonomy":"category","embeddable":true,"href":"https:\/\/serbenidorm.daliisolutions.com\/index.php\/wp-json\/wp\/v2\/categories?post=12822"},{"taxonomy":"post_tag","embeddable":true,"href":"https:\/\/serbenidorm.daliisolutions.com\/index.php\/wp-json\/wp\/v2\/tags?post=12822"}],"curies":[{"name":"wp","href":"https:\/\/api.w.org\/{rel}","templated":true}]}}