{"id":12824,"date":"2025-02-10T18:29:15","date_gmt":"2025-02-10T17:29:15","guid":{"rendered":"https:\/\/serbenidorm.daliisolutions.com\/index.php\/2025\/02\/10\/dura-derrota-del-servigroup-benidorm-en-su-vuelta-a-la-asobal\/"},"modified":"2025-02-10T18:29:15","modified_gmt":"2025-02-10T17:29:15","slug":"dura-derrota-del-servigroup-benidorm-en-su-vuelta-a-la-asobal","status":"publish","type":"post","link":"https:\/\/serbenidorm.daliisolutions.com\/index.php\/2025\/02\/10\/dura-derrota-del-servigroup-benidorm-en-su-vuelta-a-la-asobal\/","title":{"rendered":"Dura derrota del Servigroup Benidorm en su vuelta a la Asobal"},"content":{"rendered":"  <p><div data-adtype=\"MLDB\"><\/div><\/p>   <p>Benidorm<\/p>   <p>La Liga Asobal volv\u00eda este s\u00e1bado con una jornada reducida de s\u00f3lo cuatro partidos con el choque entre el Guadalajara y el Servigroup Hoteles Benidorm como uno de los enfrentamientos m\u00e1s interesantes habida cuenta de lo mucho que ambos pon\u00edan en juego en su pelea en la zona baja de la clasificaci\u00f3n.<\/p>   <p>Disputado en el Municipal David Santamar\u00eda de Guadalajara, el partido s\u00f3lo tuvo algo de emoci\u00f3n durante los primeros minutos, que fue los que tard\u00f3 el equipo local en despertar y demostrar que, al menos a esta jornada del reencuentro, ha llegado en mejor forma y, sobre todo, mucho mejor reforzado en el mercado invernal (el Servigroup Benidorm no se ha reforzado y, adem\u00e1s, ha perdido por lesi\u00f3n a dos de sus grandes puntales en defensa) para terminar llev\u00e1ndose el triunfo por un muy claro 37-31 que, adem\u00e1s, deja la diferencia de goles particular a favor de los alcarre\u00f1os.<\/p>   <p>Precisamente fue uno de los jugadores llegados al equipo en este mercado invernal, el guardameta Gerard Fons, el que marc\u00f3 gran parte de la diferencia en este partido de rivales por la permanencia.<\/p>   <p>El nuevo portero del BM Guadalajara culmin\u00f3 con su gran actuaci\u00f3n el buen trabajo defensivo que plantearon los locales durante todo el encuentro y al que s\u00f3lo, y por momentos, parec\u00eda inmune un David Roca sin cuya aportaci\u00f3n la derrota hubiese sido todav\u00eda m\u00e1s dantesca.<\/p>   <p>Al final de la primera mitad (16-13) se llegaba con la esperanza visitante de poder encontrar alg\u00fan tipo de reacci\u00f3n tras la reanudaci\u00f3n, pero pronto qued\u00f3 claro que el guion del choque estaba escrito.<\/p>   <p>     .c-w{         max-width:444px;         width:100%;         margin:32px auto;      background:#00755E;         border-radius:4px;         display:flex;         align-items:center;         justify-content:center;     }     .c-w a{         display:flex;         align-items:center;         justify-content:center;         padding:4px 24px;     }     .c-w img{         width:24px;         margin-right:12px;     }     .c-w p{         font:18px\/25px Poppins;         text-align:center;         color:#fff;         margin:0;     }     @media (max-width:444px){         .c-w a{             padding:4px 12px;         }         .c-w img{             width:24px;             margin-right:8px;         }         .c-w p{             font:14px\/25px Poppins;         }     }     @media (max-width:335px){         .c-w p{             font:13px\/25px Poppins;         }     }  <div class=\"c-w\">     <a href=\"https:\/\/www.whatsapp.com\/channel\/0029Va633PF9WtC4l7XUzh1e\" rel=\"nofollow\" target=\"_blank\">         <img decoding=\"async\" src=\"https:\/\/cadenaser.com\/estaticos\/recursosgraficos\/responsive\/img\/ico-whatsapp.svg\" alt=\"Whatsapp\">         <p>\u00danete al <b>canal de WhatsApp<\/b> de la SER<\/p>     <\/a> <\/div><\/p>   <p>Adem\u00e1s, y por si la jornada no hubiese sido lo suficientemente negra para el equipo de Benidorm, la lesi\u00f3n de Juan Carlos Sempere en la recta final del encuentro puso la puntilla a una noche para el olvido del conjunto de Sergio Carballeira.<\/p> ","protected":false},"excerpt":{"rendered":"<p>Un soberbio Gerard Fons coron\u00f3 el gran trabajo en defensa del Guadalajara<\/p>\n","protected":false},"author":0,"featured_media":12825,"comment_status":"open","ping_status":"open","sticky":false,"template":"","format":"standard","meta":{"_acf_changed":false,"footnotes":""},"categories":[16],"tags":[],"class_list":["post-12824","post","type-post","status-publish","format-standard","has-post-thumbnail","hentry","category-deportes"],"acf":{"ser_id":"5RIED7PSAZHRNIUT627N4E5ECA","ser_url":"https:\/\/cadenaser.com\/comunitat-valenciana\/2025\/02\/09\/dura-derrota-del-servigroup-benidorm-en-su-vuelta-a-la-asobal-radio-benidorm\/"},"_links":{"self":[{"href":"https:\/\/serbenidorm.daliisolutions.com\/index.php\/wp-json\/wp\/v2\/posts\/12824","targetHints":{"allow":["GET"]}}],"collection":[{"href":"https:\/\/serbenidorm.daliisolutions.com\/index.php\/wp-json\/wp\/v2\/posts"}],"about":[{"href":"https:\/\/serbenidorm.daliisolutions.com\/index.php\/wp-json\/wp\/v2\/types\/post"}],"replies":[{"embeddable":true,"href":"https:\/\/serbenidorm.daliisolutions.com\/index.php\/wp-json\/wp\/v2\/comments?post=12824"}],"version-history":[{"count":0,"href":"https:\/\/serbenidorm.daliisolutions.com\/index.php\/wp-json\/wp\/v2\/posts\/12824\/revisions"}],"wp:featuredmedia":[{"embeddable":true,"href":"https:\/\/serbenidorm.daliisolutions.com\/index.php\/wp-json\/wp\/v2\/media\/12825"}],"wp:attachment":[{"href":"https:\/\/serbenidorm.daliisolutions.com\/index.php\/wp-json\/wp\/v2\/media?parent=12824"}],"wp:term":[{"taxonomy":"category","embeddable":true,"href":"https:\/\/serbenidorm.daliisolutions.com\/index.php\/wp-json\/wp\/v2\/categories?post=12824"},{"taxonomy":"post_tag","embeddable":true,"href":"https:\/\/serbenidorm.daliisolutions.com\/index.php\/wp-json\/wp\/v2\/tags?post=12824"}],"curies":[{"name":"wp","href":"https:\/\/api.w.org\/{rel}","templated":true}]}}