{"id":12826,"date":"2025-02-10T18:29:16","date_gmt":"2025-02-10T17:29:16","guid":{"rendered":"https:\/\/serbenidorm.daliisolutions.com\/index.php\/2025\/02\/10\/el-c-f-benidorm-vence-en-san-vicente-y-ya-cree-en-la-salvacion\/"},"modified":"2025-02-10T18:29:16","modified_gmt":"2025-02-10T17:29:16","slug":"el-c-f-benidorm-vence-en-san-vicente-y-ya-cree-en-la-salvacion","status":"publish","type":"post","link":"https:\/\/serbenidorm.daliisolutions.com\/index.php\/2025\/02\/10\/el-c-f-benidorm-vence-en-san-vicente-y-ya-cree-en-la-salvacion\/","title":{"rendered":"El C.F. Benidorm vence en San Vicente y ya cree en la salvaci\u00f3n"},"content":{"rendered":"  <p><div data-adtype=\"MLDB\"><\/div><\/p>   <p>Benidorm<\/p>   <p>Cuando un equipo viene de haber padecido tanto como lo ha hecho el C.F. Benidorm durante todo lo que llevamos de temporada, son los peque\u00f1os detalles, las peque\u00f1as alegr\u00edas, las que, con un poco de fortuna, pueden decantar el transcurso de todo un partido y, con \u00e9l, el de toda la semana.<\/p>   <p>Eso es lo que sucedi\u00f3 este s\u00e1bado en San Vicente, donde los de Javier Vidales, que tant\u00edsimos problemas han tenido para ver puerta en este a\u00f1o de debut en la Tercera RFEF, consegu\u00edan abrir el marcador cuando todav\u00eda no hab\u00edan pasado cinco minutos de juego.<\/p>   <p>El gol de Yaros, el \u00faltimo gran descubrimiento de la cantera, abr\u00eda un panorama muy pocas veces vivido por los benidormenses este a\u00f1o: el de afrontar el choque con la relativa tranquilidad de ver las cosas a favor.<\/p>   <p>Fue como si a los de Vidales, tan dado a los s\u00edmiles, les quitaran, de golpe, esa mochila cargada de miedos y derrotas que han venido cargando estos meses. El C.F. Benidorm se hizo el due\u00f1o del partido y ya en la segunda mitad, en el minuto 63 de partido, acabar\u00eda recibiendo el premio merecido a ese trabajo gracias al gol de Pato que puso el 0-2 definitivo en el marcador.<\/p>   <p>Gracias a este triunfo el C.F. Benidorm ha conseguido ya el primero de sus objetivos a cortos plazo: abandonar la posici\u00f3n de colista. Ahora, los del Guillermo Amor ocupan la 16\u00aa posici\u00f3n a s\u00f3lo un punto del Crevillente Deportivo y, por lo tanto, de los puestos de salvaci\u00f3n.<\/p>   <p>     .c-w{         max-width:444px;         width:100%;         margin:32px auto;      background:#00755E;         border-radius:4px;         display:flex;         align-items:center;         justify-content:center;     }     .c-w a{         display:flex;         align-items:center;         justify-content:center;         padding:4px 24px;     }     .c-w img{         width:24px;         margin-right:12px;     }     .c-w p{         font:18px\/25px Poppins;         text-align:center;         color:#fff;         margin:0;     }     @media (max-width:444px){         .c-w a{             padding:4px 12px;         }         .c-w img{             width:24px;             margin-right:8px;         }         .c-w p{             font:14px\/25px Poppins;         }     }     @media (max-width:335px){         .c-w p{             font:13px\/25px Poppins;         }     }  <div class=\"c-w\">     <a href=\"https:\/\/www.whatsapp.com\/channel\/0029Va633PF9WtC4l7XUzh1e\" rel=\"nofollow\" target=\"_blank\">         <img decoding=\"async\" src=\"https:\/\/cadenaser.com\/estaticos\/recursosgraficos\/responsive\/img\/ico-whatsapp.svg\" alt=\"Whatsapp\">         <p>\u00danete al <b>canal de WhatsApp<\/b> de la SER<\/p>     <\/a> <\/div><\/p>   <p>Una meta, la de salir de la zona roja, para la que tienen una primera gran oportunidad la pr\u00f3xima semana, en casa, y ante el Atzeneta.<\/p> ","protected":false},"excerpt":{"rendered":"<p>Lo de Javier Vidales tienen ahora la oportunidad de certificar su salida del pozo en casa y ante el Atzeneta<\/p>\n","protected":false},"author":0,"featured_media":12827,"comment_status":"open","ping_status":"open","sticky":false,"template":"","format":"standard","meta":{"_acf_changed":false,"footnotes":""},"categories":[16],"tags":[],"class_list":["post-12826","post","type-post","status-publish","format-standard","has-post-thumbnail","hentry","category-deportes"],"acf":{"ser_id":"MYTK2ODAYVEDXFMBDQS5X4RSXQ","ser_url":"https:\/\/cadenaser.com\/comunitat-valenciana\/2025\/02\/09\/el-cf-benidorm-vence-en-san-vicente-y-ya-cree-en-la-salvacion-radio-benidorm\/"},"_links":{"self":[{"href":"https:\/\/serbenidorm.daliisolutions.com\/index.php\/wp-json\/wp\/v2\/posts\/12826","targetHints":{"allow":["GET"]}}],"collection":[{"href":"https:\/\/serbenidorm.daliisolutions.com\/index.php\/wp-json\/wp\/v2\/posts"}],"about":[{"href":"https:\/\/serbenidorm.daliisolutions.com\/index.php\/wp-json\/wp\/v2\/types\/post"}],"replies":[{"embeddable":true,"href":"https:\/\/serbenidorm.daliisolutions.com\/index.php\/wp-json\/wp\/v2\/comments?post=12826"}],"version-history":[{"count":0,"href":"https:\/\/serbenidorm.daliisolutions.com\/index.php\/wp-json\/wp\/v2\/posts\/12826\/revisions"}],"wp:featuredmedia":[{"embeddable":true,"href":"https:\/\/serbenidorm.daliisolutions.com\/index.php\/wp-json\/wp\/v2\/media\/12827"}],"wp:attachment":[{"href":"https:\/\/serbenidorm.daliisolutions.com\/index.php\/wp-json\/wp\/v2\/media?parent=12826"}],"wp:term":[{"taxonomy":"category","embeddable":true,"href":"https:\/\/serbenidorm.daliisolutions.com\/index.php\/wp-json\/wp\/v2\/categories?post=12826"},{"taxonomy":"post_tag","embeddable":true,"href":"https:\/\/serbenidorm.daliisolutions.com\/index.php\/wp-json\/wp\/v2\/tags?post=12826"}],"curies":[{"name":"wp","href":"https:\/\/api.w.org\/{rel}","templated":true}]}}